
{"id":30507,"date":"2013-09-16T23:08:08","date_gmt":"2013-09-17T02:08:08","guid":{"rendered":"http:\/\/www.sudoestehoje.com.br\/novoportal\/?p=30507"},"modified":"2013-09-17T09:40:25","modified_gmt":"2013-09-17T12:40:25","slug":"rosemberg-perde-importante-assessor-para-o-petista-eduardo-salles","status":"publish","type":"post","link":"https:\/\/www.sudoestehoje.com.br\/novoportal\/2013\/09\/16\/rosemberg-perde-importante-assessor-para-o-petista-eduardo-salles\/","title":{"rendered":"ROSEMBERG PERDE IMPORTANTE ASSESSOR PARA O PETISTA EDUARDO SALLES"},"content":{"rendered":"<div id=\"attachment_30510\" style=\"width: 510px\" class=\"wp-caption aligncenter\"><a href=\"http:\/\/www.sudoestehoje.com.br\/novoportal\/wp-content\/uploads\/2013\/09\/valdivio-e-rosemberg.jpg\"><img loading=\"lazy\" decoding=\"async\" aria-describedby=\"caption-attachment-30510\" class=\"size-medium wp-image-30510\" alt=\"Foto Blog do Rubinho Cordeiro\" src=\"http:\/\/www.sudoestehoje.com.br\/novoportal\/wp-content\/uploads\/2013\/09\/valdivio-e-rosemberg-500x375.jpg\" width=\"500\" height=\"375\" srcset=\"https:\/\/www.sudoestehoje.com.br\/novoportal\/wp-content\/uploads\/2013\/09\/valdivio-e-rosemberg-500x375.jpg 500w, https:\/\/www.sudoestehoje.com.br\/novoportal\/wp-content\/uploads\/2013\/09\/valdivio-e-rosemberg-700x525.jpg 700w, https:\/\/www.sudoestehoje.com.br\/novoportal\/wp-content\/uploads\/2013\/09\/valdivio-e-rosemberg.jpg 960w\" sizes=\"auto, (max-width: 500px) 100vw, 500px\" \/><\/a><p id=\"caption-attachment-30510\" class=\"wp-caption-text\">Foto Blog do Rubinho Cordeiro<\/p><\/div>\n<p>O deputado petista Rosemberg Pinto acaba de perder um dos seus mais importantes assessores, o secretario parlamentar\u00a0Vald\u00edvio Moraes, de Itoror\u00f3. Considerado bom\u00a0articulador pol\u00edtico, Vald\u00edvio deve coordenar a campanha do atual Secret\u00e1rio Estadual da Agricultura, Eduardo Salles, que deve se afastar do cargo at\u00e9 o in\u00edcio de abril de 2014, para concorrer a uma vaga na Assembl\u00e9ia Legislativa.<\/p>\n<p>Segundo observadores pol\u00edticos da regi\u00e3o, a sa\u00edda de Vald\u00edvio \u00e9 uma perda significativa para Rosemberg Pinto, uma vez que as suas articula\u00e7\u00f5es pol\u00edticas na regi\u00e3o sempre foram realizadas atrav\u00e9s de Vald\u00edvio, que se desliga, alegando motivos de ordem pessoal.<\/p>\n<p>Vald\u00edvio ocupava o cargo de secretario parlamentar de Rosemberg Pinto desde fevereiro de 2011.<\/p>\n<p><em>Sudoeste Hoje<\/em><\/p>\n<p>VALD\u00cdVIO ESCLARECE<\/p>\n<p>&#8220;Ol\u00e1 Sr. Dav\u00ed Ferraz, venho por meio deste canal de informa\u00e7\u00e3o dizer que n\u00e3o irei coordenar campanha de Eduardo Sales \u00e0 Assembleia Legislativa da Bahia, o que vou fazer \u00e9 apoiar o Deputado Erivelton Santana \u00e0 Reelei\u00e7\u00e3o de Deputado Federal, quanto a Eduardo Sales, \u00e9 um grande amigo e pretendo tamb\u00e9m apoi\u00e1-lo, por\u00e9m n\u00e3o existe nenhuma fala de coordena\u00e7\u00e3o, por isso solicito que o senhor que um defensor da verdade publique esta minha nota na mesma propor\u00e7\u00e3o da primeira.\u00a0Obrigado.\u00a0Valdivio Morais&#8221;.<\/p>\n","protected":false},"excerpt":{"rendered":"<p>O deputado petista Rosemberg Pinto acaba de perder um dos seus mais importantes assessores, o secretario parlamentar\u00a0Vald\u00edvio Moraes, de Itoror\u00f3. Considerado bom\u00a0articulador pol\u00edtico, Vald\u00edvio deve coordenar a campanha do atual Secret\u00e1rio Estadual da Agricultura, Eduardo Salles, que deve se afastar do cargo at\u00e9 o in\u00edcio de abril de 2014, para concorrer a uma vaga na [&hellip;]<\/p>\n","protected":false},"author":2,"featured_media":0,"comment_status":"open","ping_status":"open","sticky":false,"template":"","format":"standard","meta":{"footnotes":"","_links_to":"","_links_to_target":""},"categories":[1],"tags":[],"class_list":["post-30507","post","type-post","status-publish","format-standard","hentry","category-geral"],"views":1441,"_links":{"self":[{"href":"https:\/\/www.sudoestehoje.com.br\/novoportal\/wp-json\/wp\/v2\/posts\/30507","targetHints":{"allow":["GET"]}}],"collection":[{"href":"https:\/\/www.sudoestehoje.com.br\/novoportal\/wp-json\/wp\/v2\/posts"}],"about":[{"href":"https:\/\/www.sudoestehoje.com.br\/novoportal\/wp-json\/wp\/v2\/types\/post"}],"author":[{"embeddable":true,"href":"https:\/\/www.sudoestehoje.com.br\/novoportal\/wp-json\/wp\/v2\/users\/2"}],"replies":[{"embeddable":true,"href":"https:\/\/www.sudoestehoje.com.br\/novoportal\/wp-json\/wp\/v2\/comments?post=30507"}],"version-history":[{"count":6,"href":"https:\/\/www.sudoestehoje.com.br\/novoportal\/wp-json\/wp\/v2\/posts\/30507\/revisions"}],"predecessor-version":[{"id":30529,"href":"https:\/\/www.sudoestehoje.com.br\/novoportal\/wp-json\/wp\/v2\/posts\/30507\/revisions\/30529"}],"wp:attachment":[{"href":"https:\/\/www.sudoestehoje.com.br\/novoportal\/wp-json\/wp\/v2\/media?parent=30507"}],"wp:term":[{"taxonomy":"category","embeddable":true,"href":"https:\/\/www.sudoestehoje.com.br\/novoportal\/wp-json\/wp\/v2\/categories?post=30507"},{"taxonomy":"post_tag","embeddable":true,"href":"https:\/\/www.sudoestehoje.com.br\/novoportal\/wp-json\/wp\/v2\/tags?post=30507"}],"curies":[{"name":"wp","href":"https:\/\/api.w.org\/{rel}","templated":true}]}}