
{"id":30480,"date":"2013-09-16T17:53:52","date_gmt":"2013-09-16T20:53:52","guid":{"rendered":"http:\/\/www.sudoestehoje.com.br\/novoportal\/?p=30480"},"modified":"2013-09-16T17:53:33","modified_gmt":"2013-09-16T20:53:33","slug":"deram-um-canto-de-carroceria-no-vice-prefeito-alecio-chaves","status":"publish","type":"post","link":"https:\/\/www.sudoestehoje.com.br\/novoportal\/2013\/09\/16\/deram-um-canto-de-carroceria-no-vice-prefeito-alecio-chaves\/","title":{"rendered":"DERAM UM &#8220;CANTO DE CARROCERIA&#8221; NO VICE-PREFEITO AL\u00c9CIO CHAVES"},"content":{"rendered":"<p style=\"text-align: center;\"><a href=\"http:\/\/www.sudoestehoje.com.br\/novoportal\/wp-content\/uploads\/2013\/09\/al\u00e9cio.jpg\"><img decoding=\"async\" class=\"aligncenter  wp-image-30482\" alt=\"al\u00e9cio\" src=\"http:\/\/www.sudoestehoje.com.br\/novoportal\/wp-content\/uploads\/2013\/09\/al\u00e9cio-500x365.jpg\" width=\"450\" srcset=\"https:\/\/www.sudoestehoje.com.br\/novoportal\/wp-content\/uploads\/2013\/09\/al\u00e9cio-500x365.jpg 500w, https:\/\/www.sudoestehoje.com.br\/novoportal\/wp-content\/uploads\/2013\/09\/al\u00e9cio.jpg 600w\" sizes=\"(max-width: 500px) 100vw, 500px\" \/><\/a><\/p>\n<p>Quem anda chorando pelos cantos e se dizendo perseguido e injusti\u00e7ado pelo grupo do prefeito Z\u00e9 Carlos, \u00e9 o vice-prefeito Al\u00e9cio Chaves. Segundo Al\u00e9cio, a prefeitura vem atrasando sistematicamente o pagamento dos seus subs\u00eddios de R$ 9 mil mensais, que j\u00e1 n\u00e3o recebe h\u00e1 quase 3 meses.<\/p>\n<p>Com isto, Al\u00e9cio confessou a amigos que j\u00e1 est\u00e1 pensando em voltar a dar aulas no Col\u00e9gio Modelo, de onde se &#8216;afastou&#8217; desde 2009, para exercer o cargo de secret\u00e1rio da educa\u00e7\u00e3o e posteriormente o de vice-prefeito.<\/p>\n<p>Durante esse per\u00edodo, Al\u00e9cio foi acusado e denunciado ao Minist\u00e9rio P\u00fablico por ac\u00famulo ilegal de fun\u00e7\u00f5es e sal\u00e1rios, mas a den\u00fancia foi engavetada, como tantas outras.<\/p>\n<p>Sem prest\u00edgio nem grana, Al\u00e9cio retorna agora ao seu capital inicial e n\u00e3o conta mais com o &#8216;apoio irrestrito&#8217; dos seus irm\u00e3os evang\u00e9licos, que continuam apoiando Z\u00e9 Carlos, at\u00e9 quando Deus quiser&#8230;<\/p>\n<p>H\u00ea, gente sem considera\u00e7\u00e3o!<\/p>\n<p><strong><em>Por Davi Ferraz<\/em><\/strong><\/p>\n","protected":false},"excerpt":{"rendered":"<p>Quem anda chorando pelos cantos e se dizendo perseguido e injusti\u00e7ado pelo grupo do prefeito Z\u00e9 Carlos, \u00e9 o vice-prefeito Al\u00e9cio Chaves. Segundo Al\u00e9cio, a prefeitura vem atrasando sistematicamente o pagamento dos seus subs\u00eddios de R$ 9 mil mensais, que j\u00e1 n\u00e3o recebe h\u00e1 quase 3 meses. Com isto, Al\u00e9cio confessou a amigos que j\u00e1 [&hellip;]<\/p>\n","protected":false},"author":2,"featured_media":0,"comment_status":"open","ping_status":"open","sticky":false,"template":"","format":"standard","meta":{"footnotes":"","_links_to":"","_links_to_target":""},"categories":[1],"tags":[],"class_list":["post-30480","post","type-post","status-publish","format-standard","hentry","category-geral"],"views":1660,"_links":{"self":[{"href":"https:\/\/www.sudoestehoje.com.br\/novoportal\/wp-json\/wp\/v2\/posts\/30480","targetHints":{"allow":["GET"]}}],"collection":[{"href":"https:\/\/www.sudoestehoje.com.br\/novoportal\/wp-json\/wp\/v2\/posts"}],"about":[{"href":"https:\/\/www.sudoestehoje.com.br\/novoportal\/wp-json\/wp\/v2\/types\/post"}],"author":[{"embeddable":true,"href":"https:\/\/www.sudoestehoje.com.br\/novoportal\/wp-json\/wp\/v2\/users\/2"}],"replies":[{"embeddable":true,"href":"https:\/\/www.sudoestehoje.com.br\/novoportal\/wp-json\/wp\/v2\/comments?post=30480"}],"version-history":[{"count":4,"href":"https:\/\/www.sudoestehoje.com.br\/novoportal\/wp-json\/wp\/v2\/posts\/30480\/revisions"}],"predecessor-version":[{"id":30485,"href":"https:\/\/www.sudoestehoje.com.br\/novoportal\/wp-json\/wp\/v2\/posts\/30480\/revisions\/30485"}],"wp:attachment":[{"href":"https:\/\/www.sudoestehoje.com.br\/novoportal\/wp-json\/wp\/v2\/media?parent=30480"}],"wp:term":[{"taxonomy":"category","embeddable":true,"href":"https:\/\/www.sudoestehoje.com.br\/novoportal\/wp-json\/wp\/v2\/categories?post=30480"},{"taxonomy":"post_tag","embeddable":true,"href":"https:\/\/www.sudoestehoje.com.br\/novoportal\/wp-json\/wp\/v2\/tags?post=30480"}],"curies":[{"name":"wp","href":"https:\/\/api.w.org\/{rel}","templated":true}]}}