
{"id":30469,"date":"2013-09-15T22:00:01","date_gmt":"2013-09-16T01:00:01","guid":{"rendered":"http:\/\/www.sudoestehoje.com.br\/novoportal\/?p=30469"},"modified":"2013-09-15T22:00:01","modified_gmt":"2013-09-16T01:00:01","slug":"vereador-mais-votado-de-itarantim-reassume-cadeira-na-camara","status":"publish","type":"post","link":"https:\/\/www.sudoestehoje.com.br\/novoportal\/2013\/09\/15\/vereador-mais-votado-de-itarantim-reassume-cadeira-na-camara\/","title":{"rendered":"VEREADOR MAIS VOTADO DE ITARANTIM REASSUME CADEIRA NA C\u00c2MARA"},"content":{"rendered":"<p style=\"text-align: center;\"><a href=\"http:\/\/www.sudoestehoje.com.br\/novoportal\/wp-content\/uploads\/2013\/09\/dudu.jpg\"><img decoding=\"async\" class=\"aligncenter  wp-image-30471\" alt=\"dudu\" src=\"http:\/\/www.sudoestehoje.com.br\/novoportal\/wp-content\/uploads\/2013\/09\/dudu.jpg\" width=\"450\" \/><\/a><\/p>\n<p>ITARANTIM: O vereador, Dudu dos Tutas, explicou neste final de semana, os motivos que o levaram a pedir exonera\u00e7\u00e3o da Secretaria Municipal da Juventude, Cultura, Turismo, Esporte e Lazer e reassumir a sua cadeira na c\u00e2mara municipal, para a qual foi o eleito com a maior vota\u00e7\u00e3o no munic\u00edpio, na elei\u00e7\u00e3o de 2012.<\/p>\n<p>Contrariando os boatos da oposi\u00e7\u00e3o, que dava conta de um suposto rompimento com o prefeito Paulo Fernandes, Dud\u00fa esclareceu:\u00a0\u201co grupo do prefeito estava me pedindo muito pra voltar para a c\u00e2mara, por j\u00e1 ter sido presidente e ter combatido de forma dura a gest\u00e3o passada e conhecer de perto os opositores. Assim, teria mais for\u00e7a para combater a oposi\u00e7\u00e3o, somente por isso. Continuo firme com Paulo Fernandes e se for de romper com ele um dia, me afasto definitivamente da pol\u00edtica.\u00a0Voltei tamb\u00e9m por acredito que vamos marcar a hist\u00f3ria da nossa cidade. com trabalho e, principalmente, respeitando o dinheiro publico. Voltar para c\u00e2mara e defender uma administra\u00e7\u00e3o s\u00e9ria e que cuida com respeito dos recursos municipais, foi um dos maiores motivos para voltar tamb\u00e9m.\u201d, finalizou Dudu. Informa\u00e7\u00f5es do Pol\u00edticos do Sul da Bahia<\/p>\n","protected":false},"excerpt":{"rendered":"<p>ITARANTIM: O vereador, Dudu dos Tutas, explicou neste final de semana, os motivos que o levaram a pedir exonera\u00e7\u00e3o da Secretaria Municipal da Juventude, Cultura, Turismo, Esporte e Lazer e reassumir a sua cadeira na c\u00e2mara municipal, para a qual foi o eleito com a maior vota\u00e7\u00e3o no munic\u00edpio, na elei\u00e7\u00e3o de 2012. Contrariando os [&hellip;]<\/p>\n","protected":false},"author":2,"featured_media":0,"comment_status":"open","ping_status":"open","sticky":false,"template":"","format":"standard","meta":{"footnotes":"","_links_to":"","_links_to_target":""},"categories":[1],"tags":[],"class_list":["post-30469","post","type-post","status-publish","format-standard","hentry","category-geral"],"views":1211,"_links":{"self":[{"href":"https:\/\/www.sudoestehoje.com.br\/novoportal\/wp-json\/wp\/v2\/posts\/30469","targetHints":{"allow":["GET"]}}],"collection":[{"href":"https:\/\/www.sudoestehoje.com.br\/novoportal\/wp-json\/wp\/v2\/posts"}],"about":[{"href":"https:\/\/www.sudoestehoje.com.br\/novoportal\/wp-json\/wp\/v2\/types\/post"}],"author":[{"embeddable":true,"href":"https:\/\/www.sudoestehoje.com.br\/novoportal\/wp-json\/wp\/v2\/users\/2"}],"replies":[{"embeddable":true,"href":"https:\/\/www.sudoestehoje.com.br\/novoportal\/wp-json\/wp\/v2\/comments?post=30469"}],"version-history":[{"count":2,"href":"https:\/\/www.sudoestehoje.com.br\/novoportal\/wp-json\/wp\/v2\/posts\/30469\/revisions"}],"predecessor-version":[{"id":30472,"href":"https:\/\/www.sudoestehoje.com.br\/novoportal\/wp-json\/wp\/v2\/posts\/30469\/revisions\/30472"}],"wp:attachment":[{"href":"https:\/\/www.sudoestehoje.com.br\/novoportal\/wp-json\/wp\/v2\/media?parent=30469"}],"wp:term":[{"taxonomy":"category","embeddable":true,"href":"https:\/\/www.sudoestehoje.com.br\/novoportal\/wp-json\/wp\/v2\/categories?post=30469"},{"taxonomy":"post_tag","embeddable":true,"href":"https:\/\/www.sudoestehoje.com.br\/novoportal\/wp-json\/wp\/v2\/tags?post=30469"}],"curies":[{"name":"wp","href":"https:\/\/api.w.org\/{rel}","templated":true}]}}