
{"id":30460,"date":"2013-09-15T20:13:49","date_gmt":"2013-09-15T23:13:49","guid":{"rendered":"http:\/\/www.sudoestehoje.com.br\/novoportal\/?p=30460"},"modified":"2013-09-15T20:29:09","modified_gmt":"2013-09-15T23:29:09","slug":"o-velho-racha-do-pt-de-conquista","status":"publish","type":"post","link":"https:\/\/www.sudoestehoje.com.br\/novoportal\/2013\/09\/15\/o-velho-racha-do-pt-de-conquista\/","title":{"rendered":"O VELHO RACHA DO PT DE CONQUISTA"},"content":{"rendered":"<p style=\"text-align: center;\"><a href=\"http:\/\/www.sudoestehoje.com.br\/novoportal\/wp-content\/uploads\/2013\/09\/waldenor-e-guilherme.jpg\"><img decoding=\"async\" class=\"aligncenter  wp-image-30461\" alt=\"waldenor e guilherme\" src=\"http:\/\/www.sudoestehoje.com.br\/novoportal\/wp-content\/uploads\/2013\/09\/waldenor-e-guilherme.jpg\" width=\"500\" \/><\/a><\/p>\n<p>Durou pouco a reaproxima\u00e7\u00e3o, em Vit\u00f3ria da Conquista, dos grupos petistas do prefeito Guilherme Menezes e do deputado federal Waldenor Pereira.\u00a0O primeiro sintoma disso foi a informa\u00e7\u00e3o de que Guilherme deixa o cargo no pr\u00f3ximo ano para disputar uma vaga na C\u00e2mara dos Deputados, competindo com Waldenor pelos votos do munic\u00edpio.\u00a0\u201cWaldenor n\u00e3o ter\u00e1 sua reelei\u00e7\u00e3o amea\u00e7ada\u201d, diz uma fonte da pol\u00edtica local, \u201cporque fez um trabalho muito bom fora de Conquista. Mas de qualquer forma \u00e9 um rombo no casco que ele sofre\u201d.<\/p>\n<p>O segundo passo de Guilherme \u00e9 presumido: o candidato a prefeito que ele apresentar\u00e1 ao eleitorado em 2016 n\u00e3o ser\u00e1 o deputado estadual Z\u00e9 Raimundo, que foi seu vice em 1996, sucedendo-o e reelegendo-se, no in\u00edcio do longo controle pol\u00edtico que o PT det\u00e9m no munic\u00edpio.<!--more--><\/p>\n<p>Caso o prefeito deixe mesmo o cargo para concorrer em 2014, seu sucessor ser\u00e1 o vice Jo\u00e1s Meira, do PSB, que por enquanto \u00e9 candidato a deputado federal. A depender do tipo de acordo que fizer e tamb\u00e9m da gest\u00e3o de dois anos, poder\u00e1 ser o nome do prefeito.<\/p>\n<p>Essa tese, por\u00e9m, n\u00e3o \u00e9 a favorita nas especula\u00e7\u00f5es locais. Informa-se que Guilherme tem na manga o colega m\u00e9dico Valverde Mont\u2019Alverne, sem partido, a quem teria estimulado a movimentar-se em busca de apoios para ser \u201ca terceira via\u201d.<\/p>\n<p>O Dr. Valverde tem se aproximado de setores empresariais, notadamente na \u00e1rea de sa\u00fade, que lhe exerce forte apelo, e tamb\u00e9m de produtores rurais, al\u00e9m de setores consider\u00e1veis da oposi\u00e7\u00e3o, hoje liderada por Herzem Gusm\u00e3o (PMDB). Por Escrito<\/p>\n","protected":false},"excerpt":{"rendered":"<p>Durou pouco a reaproxima\u00e7\u00e3o, em Vit\u00f3ria da Conquista, dos grupos petistas do prefeito Guilherme Menezes e do deputado federal Waldenor Pereira.\u00a0O primeiro sintoma disso foi a informa\u00e7\u00e3o de que Guilherme deixa o cargo no pr\u00f3ximo ano para disputar uma vaga na C\u00e2mara dos Deputados, competindo com Waldenor pelos votos do munic\u00edpio.\u00a0\u201cWaldenor n\u00e3o ter\u00e1 sua reelei\u00e7\u00e3o [&hellip;]<\/p>\n","protected":false},"author":2,"featured_media":0,"comment_status":"open","ping_status":"open","sticky":false,"template":"","format":"standard","meta":{"footnotes":"","_links_to":"","_links_to_target":""},"categories":[1],"tags":[],"class_list":["post-30460","post","type-post","status-publish","format-standard","hentry","category-geral"],"views":1247,"_links":{"self":[{"href":"https:\/\/www.sudoestehoje.com.br\/novoportal\/wp-json\/wp\/v2\/posts\/30460","targetHints":{"allow":["GET"]}}],"collection":[{"href":"https:\/\/www.sudoestehoje.com.br\/novoportal\/wp-json\/wp\/v2\/posts"}],"about":[{"href":"https:\/\/www.sudoestehoje.com.br\/novoportal\/wp-json\/wp\/v2\/types\/post"}],"author":[{"embeddable":true,"href":"https:\/\/www.sudoestehoje.com.br\/novoportal\/wp-json\/wp\/v2\/users\/2"}],"replies":[{"embeddable":true,"href":"https:\/\/www.sudoestehoje.com.br\/novoportal\/wp-json\/wp\/v2\/comments?post=30460"}],"version-history":[{"count":3,"href":"https:\/\/www.sudoestehoje.com.br\/novoportal\/wp-json\/wp\/v2\/posts\/30460\/revisions"}],"predecessor-version":[{"id":30464,"href":"https:\/\/www.sudoestehoje.com.br\/novoportal\/wp-json\/wp\/v2\/posts\/30460\/revisions\/30464"}],"wp:attachment":[{"href":"https:\/\/www.sudoestehoje.com.br\/novoportal\/wp-json\/wp\/v2\/media?parent=30460"}],"wp:term":[{"taxonomy":"category","embeddable":true,"href":"https:\/\/www.sudoestehoje.com.br\/novoportal\/wp-json\/wp\/v2\/categories?post=30460"},{"taxonomy":"post_tag","embeddable":true,"href":"https:\/\/www.sudoestehoje.com.br\/novoportal\/wp-json\/wp\/v2\/tags?post=30460"}],"curies":[{"name":"wp","href":"https:\/\/api.w.org\/{rel}","templated":true}]}}