
{"id":30393,"date":"2013-09-12T10:47:29","date_gmt":"2013-09-12T13:47:29","guid":{"rendered":"http:\/\/www.sudoestehoje.com.br\/novoportal\/?p=30393"},"modified":"2013-09-12T13:49:07","modified_gmt":"2013-09-12T16:49:07","slug":"populacao-comparece-em-massa-a-feira-de-saude-da-fundacao-jose-silveira","status":"publish","type":"post","link":"https:\/\/www.sudoestehoje.com.br\/novoportal\/2013\/09\/12\/populacao-comparece-em-massa-a-feira-de-saude-da-fundacao-jose-silveira\/","title":{"rendered":"POPULA\u00c7\u00c3O COMPARECE EM MASSA \u00c0 FEIRA DE SA\u00daDE DA FUNDA\u00c7\u00c3O JOS\u00c9 SILVEIRA"},"content":{"rendered":"<p><a href=\"http:\/\/www.sudoestehoje.com.br\/novoportal\/wp-content\/uploads\/2013\/09\/feira-saude.jpg\"><img loading=\"lazy\" decoding=\"async\" class=\"aligncenter size-medium wp-image-30416\" alt=\"feira saude\" src=\"http:\/\/www.sudoestehoje.com.br\/novoportal\/wp-content\/uploads\/2013\/09\/feira-saude-500x372.jpg\" width=\"500\" height=\"372\" srcset=\"https:\/\/www.sudoestehoje.com.br\/novoportal\/wp-content\/uploads\/2013\/09\/feira-saude-500x372.jpg 500w, https:\/\/www.sudoestehoje.com.br\/novoportal\/wp-content\/uploads\/2013\/09\/feira-saude-700x522.jpg 700w, https:\/\/www.sudoestehoje.com.br\/novoportal\/wp-content\/uploads\/2013\/09\/feira-saude.jpg 960w\" sizes=\"auto, (max-width: 500px) 100vw, 500px\" \/><\/a><\/p>\n<p>ITAPETINGA: Feira de Sa\u00fade promovida pela Funda\u00e7\u00e3o Jos\u00e9 Silveira, no Hospital Cristo Redentor, se transformou em um enorme sucesso, com o comparecimento em massa da popula\u00e7\u00e3o carente do munic\u00edpio de Itapetinga e de outras cidades da regi\u00e3o, que buscam servi\u00e7os m\u00e9dicos b\u00e1sicos e especializados, que h\u00e1 muito n\u00e3o s\u00e3o disponibilizados pelo SUS.\u00a0A equipe da Funda\u00e7\u00e3o, formada por m\u00e9dicos, nutricionista, dentista, t\u00e9cnicas de enfermagem e\u00a0pessoal de apoio atende nos hor\u00e1rios das 8h \u00e0s 16h, at\u00e9 o pr\u00f3ximo s\u00e1bado (14).<\/p>\n<p><a href=\"http:\/\/www.sudoestehoje.com.br\/novoportal\/wp-content\/uploads\/2013\/09\/108_8693.jpg\"><img loading=\"lazy\" decoding=\"async\" class=\"aligncenter size-medium wp-image-30395\" alt=\"108_8693\" src=\"http:\/\/www.sudoestehoje.com.br\/novoportal\/wp-content\/uploads\/2013\/09\/108_8693-500x333.jpg\" width=\"500\" height=\"333\" srcset=\"https:\/\/www.sudoestehoje.com.br\/novoportal\/wp-content\/uploads\/2013\/09\/108_8693-500x333.jpg 500w, https:\/\/www.sudoestehoje.com.br\/novoportal\/wp-content\/uploads\/2013\/09\/108_8693-700x466.jpg 700w, https:\/\/www.sudoestehoje.com.br\/novoportal\/wp-content\/uploads\/2013\/09\/108_8693.jpg 1800w\" sizes=\"auto, (max-width: 500px) 100vw, 500px\" \/><\/a><\/p>\n<p>Para a realiza\u00e7\u00e3o da feira, A FJS \u00a0disponibilizou duas Unidades M\u00f3veis\u00a0de Sa\u00fade e equipe multidisciplinar para atender \u00e0 popula\u00e7\u00e3o de Itapetinga. A a\u00e7\u00e3o faz parte das Feiras de Sa\u00fade da FJS, \u00a0que promovem procedimentos, atendimentos m\u00e9dicos e a\u00e7\u00f5es complementares de sa\u00fade pelo \u00a0interior do estado.<\/p>\n<p>A Feira oferecer\u00e1 exames preventivo e de ultrassonografia, e servi\u00e7os m\u00e9dicos nas \u00e1reas de pediatria, oftalmologia, ginecologia, nutri\u00e7\u00e3o, odontologia em crian\u00e7as de 3 a 15 anos, com orienta\u00e7\u00e3o, escova\u00e7\u00e3o e aplica\u00e7\u00e3o de fl\u00faor, verifica\u00e7\u00e3o de Press\u00e3o Arterial e glicemia. Todos os procedimentos s\u00e3o gratuitos.<\/p>\n<p><a href=\"http:\/\/www.sudoestehoje.com.br\/novoportal\/wp-content\/uploads\/2013\/09\/108_8695.jpg\"><img loading=\"lazy\" decoding=\"async\" class=\"aligncenter size-medium wp-image-30396\" alt=\"108_8695\" src=\"http:\/\/www.sudoestehoje.com.br\/novoportal\/wp-content\/uploads\/2013\/09\/108_8695-500x333.jpg\" width=\"500\" height=\"333\" srcset=\"https:\/\/www.sudoestehoje.com.br\/novoportal\/wp-content\/uploads\/2013\/09\/108_8695-500x333.jpg 500w, https:\/\/www.sudoestehoje.com.br\/novoportal\/wp-content\/uploads\/2013\/09\/108_8695-700x466.jpg 700w, https:\/\/www.sudoestehoje.com.br\/novoportal\/wp-content\/uploads\/2013\/09\/108_8695.jpg 1800w\" sizes=\"auto, (max-width: 500px) 100vw, 500px\" \/><\/a><\/p>\n<p>Para a realiza\u00e7\u00e3o dos atendimentos voc\u00ea s\u00f3 precisa levar carteira de identidade, comprovante de resid\u00eancia e o cart\u00e3o SUS. Para a ultrassonografia, \u00e9 necess\u00e1rio tamb\u00e9m a solicita\u00e7\u00e3o m\u00e9dica. Os atendimentos ser\u00e3o realizados por ordem de chegada.<\/p>\n<p><strong><em>Sudoeste Hoje<\/em><\/strong><\/p>\n","protected":false},"excerpt":{"rendered":"<p>ITAPETINGA: Feira de Sa\u00fade promovida pela Funda\u00e7\u00e3o Jos\u00e9 Silveira, no Hospital Cristo Redentor, se transformou em um enorme sucesso, com o comparecimento em massa da popula\u00e7\u00e3o carente do munic\u00edpio de Itapetinga e de outras cidades da regi\u00e3o, que buscam servi\u00e7os m\u00e9dicos b\u00e1sicos e especializados, que h\u00e1 muito n\u00e3o s\u00e3o disponibilizados pelo SUS.\u00a0A equipe da Funda\u00e7\u00e3o, [&hellip;]<\/p>\n","protected":false},"author":2,"featured_media":0,"comment_status":"open","ping_status":"open","sticky":false,"template":"","format":"standard","meta":{"footnotes":"","_links_to":"","_links_to_target":""},"categories":[1],"tags":[],"class_list":["post-30393","post","type-post","status-publish","format-standard","hentry","category-geral"],"views":1203,"_links":{"self":[{"href":"https:\/\/www.sudoestehoje.com.br\/novoportal\/wp-json\/wp\/v2\/posts\/30393","targetHints":{"allow":["GET"]}}],"collection":[{"href":"https:\/\/www.sudoestehoje.com.br\/novoportal\/wp-json\/wp\/v2\/posts"}],"about":[{"href":"https:\/\/www.sudoestehoje.com.br\/novoportal\/wp-json\/wp\/v2\/types\/post"}],"author":[{"embeddable":true,"href":"https:\/\/www.sudoestehoje.com.br\/novoportal\/wp-json\/wp\/v2\/users\/2"}],"replies":[{"embeddable":true,"href":"https:\/\/www.sudoestehoje.com.br\/novoportal\/wp-json\/wp\/v2\/comments?post=30393"}],"version-history":[{"count":5,"href":"https:\/\/www.sudoestehoje.com.br\/novoportal\/wp-json\/wp\/v2\/posts\/30393\/revisions"}],"predecessor-version":[{"id":30419,"href":"https:\/\/www.sudoestehoje.com.br\/novoportal\/wp-json\/wp\/v2\/posts\/30393\/revisions\/30419"}],"wp:attachment":[{"href":"https:\/\/www.sudoestehoje.com.br\/novoportal\/wp-json\/wp\/v2\/media?parent=30393"}],"wp:term":[{"taxonomy":"category","embeddable":true,"href":"https:\/\/www.sudoestehoje.com.br\/novoportal\/wp-json\/wp\/v2\/categories?post=30393"},{"taxonomy":"post_tag","embeddable":true,"href":"https:\/\/www.sudoestehoje.com.br\/novoportal\/wp-json\/wp\/v2\/tags?post=30393"}],"curies":[{"name":"wp","href":"https:\/\/api.w.org\/{rel}","templated":true}]}}