
{"id":30378,"date":"2013-09-12T13:07:33","date_gmt":"2013-09-12T16:07:33","guid":{"rendered":"http:\/\/www.sudoestehoje.com.br\/novoportal\/?p=30378"},"modified":"2013-09-12T18:40:10","modified_gmt":"2013-09-12T21:40:10","slug":"pega-o-jacare-leoncio-2","status":"publish","type":"post","link":"https:\/\/www.sudoestehoje.com.br\/novoportal\/2013\/09\/12\/pega-o-jacare-leoncio-2\/","title":{"rendered":"PEGA O JACAR\u00c9, LE\u00d4NCIO!"},"content":{"rendered":"<div id=\"attachment_30421\" style=\"width: 510px\" class=\"wp-caption aligncenter\"><a href=\"http:\/\/www.sudoestehoje.com.br\/novoportal\/wp-content\/uploads\/2013\/09\/papo-laranja.jpg\"><img loading=\"lazy\" decoding=\"async\" aria-describedby=\"caption-attachment-30421\" class=\"size-medium wp-image-30421\" alt=\"O raro jacar\u00e9 \" src=\"http:\/\/www.sudoestehoje.com.br\/novoportal\/wp-content\/uploads\/2013\/09\/papo-laranja-500x375.jpg\" width=\"500\" height=\"375\" srcset=\"https:\/\/www.sudoestehoje.com.br\/novoportal\/wp-content\/uploads\/2013\/09\/papo-laranja-500x375.jpg 500w, https:\/\/www.sudoestehoje.com.br\/novoportal\/wp-content\/uploads\/2013\/09\/papo-laranja.jpg 512w\" sizes=\"auto, (max-width: 500px) 100vw, 500px\" \/><\/a><p id=\"caption-attachment-30421\" class=\"wp-caption-text\">O raro jacar\u00e9 do &#8216;papo laranja&#8217; saiu da lagoa para tomar banho de sol e pode ser preso<\/p><\/div>\n<p>Na manh\u00e3 desta quarta-feira (11), um enorme jacar\u00e9 da esp\u00e9cie &#8220;papo laranja&#8221; resolveu tomar um banho de sol nas margens da Lagoa, chamando \u00e0 aten\u00e7\u00e3o de quem passava pelo local, inclusive de policiais civis, que resolveram comunicar o fato aos seus superiores.<\/p>\n<p>Preocupado com o perigo iminente, o delegado resolveu acionar o secret\u00e1rio municipal de Meio Ambiente, Carlos Le\u00f4ncio, maior autoridade em jacar\u00e9 do interior do Estado, para que adote as provid\u00eancias cab\u00edveis, visando a retirada do enorme r\u00e9ptil e outros que possam existir na lagoa, como medida de prote\u00e7\u00e3o aos frequentadores do Parque.<\/p>\n<p>Quando tomou conhecimento de que se tratava de um raro esp\u00e9cime do &#8220;papo laranja&#8221;, o secret\u00e1rio convocou a sua competente equipe para elaborar o PLANejamento para captura do bicho, devendo contar com a ajuda de outro especialista do ramo da alimenta\u00e7\u00e3o escolar conhecido pela alcunha de &#8220;Dadai do Biscoito&#8221;, que j\u00e1 se prontificou em fornecer, gratuitamente, \u00a050 pacotes de bolacha &#8220;poca z\u00f3i&#8221;, para ser jogada na \u00e1gua, atraindo os bichos para as margens e facilitando a captura.<\/p>\n<p>Preocupado com o sumi\u00e7o do seu parente que foi levado para a Matinha, tempos atr\u00e1s, o jacar\u00e9 j\u00e1 avisou que n\u00e3o sai da lagoa, nem com intima\u00e7\u00e3o da promotoria.<\/p>\n<p>O bicho vai pegar&#8230;<\/p>\n<p><strong><em>Por Davi Ferraz<\/em><\/strong><\/p>\n","protected":false},"excerpt":{"rendered":"<p>Na manh\u00e3 desta quarta-feira (11), um enorme jacar\u00e9 da esp\u00e9cie &#8220;papo laranja&#8221; resolveu tomar um banho de sol nas margens da Lagoa, chamando \u00e0 aten\u00e7\u00e3o de quem passava pelo local, inclusive de policiais civis, que resolveram comunicar o fato aos seus superiores. Preocupado com o perigo iminente, o delegado resolveu acionar o secret\u00e1rio municipal de [&hellip;]<\/p>\n","protected":false},"author":2,"featured_media":0,"comment_status":"open","ping_status":"open","sticky":false,"template":"","format":"standard","meta":{"footnotes":"","_links_to":"","_links_to_target":""},"categories":[1],"tags":[],"class_list":["post-30378","post","type-post","status-publish","format-standard","hentry","category-geral"],"views":1994,"_links":{"self":[{"href":"https:\/\/www.sudoestehoje.com.br\/novoportal\/wp-json\/wp\/v2\/posts\/30378","targetHints":{"allow":["GET"]}}],"collection":[{"href":"https:\/\/www.sudoestehoje.com.br\/novoportal\/wp-json\/wp\/v2\/posts"}],"about":[{"href":"https:\/\/www.sudoestehoje.com.br\/novoportal\/wp-json\/wp\/v2\/types\/post"}],"author":[{"embeddable":true,"href":"https:\/\/www.sudoestehoje.com.br\/novoportal\/wp-json\/wp\/v2\/users\/2"}],"replies":[{"embeddable":true,"href":"https:\/\/www.sudoestehoje.com.br\/novoportal\/wp-json\/wp\/v2\/comments?post=30378"}],"version-history":[{"count":4,"href":"https:\/\/www.sudoestehoje.com.br\/novoportal\/wp-json\/wp\/v2\/posts\/30378\/revisions"}],"predecessor-version":[{"id":30422,"href":"https:\/\/www.sudoestehoje.com.br\/novoportal\/wp-json\/wp\/v2\/posts\/30378\/revisions\/30422"}],"wp:attachment":[{"href":"https:\/\/www.sudoestehoje.com.br\/novoportal\/wp-json\/wp\/v2\/media?parent=30378"}],"wp:term":[{"taxonomy":"category","embeddable":true,"href":"https:\/\/www.sudoestehoje.com.br\/novoportal\/wp-json\/wp\/v2\/categories?post=30378"},{"taxonomy":"post_tag","embeddable":true,"href":"https:\/\/www.sudoestehoje.com.br\/novoportal\/wp-json\/wp\/v2\/tags?post=30378"}],"curies":[{"name":"wp","href":"https:\/\/api.w.org\/{rel}","templated":true}]}}