
{"id":30371,"date":"2013-09-11T12:20:44","date_gmt":"2013-09-11T15:20:44","guid":{"rendered":"http:\/\/www.sudoestehoje.com.br\/novoportal\/?p=30371"},"modified":"2013-09-11T12:20:44","modified_gmt":"2013-09-11T15:20:44","slug":"lucio-ironiza-sugestao-de-jaques-wagner-para-demitir-geddel","status":"publish","type":"post","link":"https:\/\/www.sudoestehoje.com.br\/novoportal\/2013\/09\/11\/lucio-ironiza-sugestao-de-jaques-wagner-para-demitir-geddel\/","title":{"rendered":"L\u00daCIO IRONIZA SUGEST\u00c3O DE JAQUES WAGNER PARA DEMITIR GEDDEL"},"content":{"rendered":"<p style=\"text-align: center;\"><a href=\"http:\/\/www.sudoestehoje.com.br\/novoportal\/wp-content\/uploads\/2013\/09\/LUCIO.jpg\"><img decoding=\"async\" class=\"wp-image-30372 alignleft\" alt=\"LUCIO\" src=\"http:\/\/www.sudoestehoje.com.br\/novoportal\/wp-content\/uploads\/2013\/09\/LUCIO.jpg\" width=\"280\" \/><\/a><\/p>\n<p>O deputado federal L\u00facio Vieira Lima (PMDB) ironizou hoje as declara\u00e7\u00f5es dadas pelo governador Jaques Wagner (PT) ontem ao Estad\u00e3o defendendo a sa\u00edda do ex-ministro Geddel Vieira Lima de uma das diretorias da Caixa por supostamente criticar o governo. \u201cOnde que Geddel critica o governo (federal)? Geddel critica ele (Wagner). At\u00e9 nisso ele quer pongar na presidente (Dilma Rousseff). Ele deveria \u00e9 se preocupar com o seu governo, onde existem v\u00e1rios candidatos usando a m\u00e1quina para se eleger em 2014. E tem tamb\u00e9m a marca de campe\u00e3o em obras atrasadas, como disse seu secret\u00e1rio de Desenvolvimento Urbano, C\u00edcero Monteiro\u201d, declarou L\u00facio, lembrando que, quando foi indicado para a Caixa, Geddel j\u00e1 tinha disputado o governo com Wagner. \u201cPor que ele n\u00e3o pede a cabe\u00e7a do ministro Fernando Bezerra (Integra\u00e7\u00e3o Regional), que ap\u00f3ia o presidenci\u00e1vel Eduardo Campos?\u201d, acrescentou, observando que os partidos da base da presidente Dilma Rousseff, como o PMDB, n\u00e3o t\u00eam compromisso de apoiar ou atacar os governos petistas estaduais.<\/p>\n","protected":false},"excerpt":{"rendered":"<p>O deputado federal L\u00facio Vieira Lima (PMDB) ironizou hoje as declara\u00e7\u00f5es dadas pelo governador Jaques Wagner (PT) ontem ao Estad\u00e3o defendendo a sa\u00edda do ex-ministro Geddel Vieira Lima de uma das diretorias da Caixa por supostamente criticar o governo. \u201cOnde que Geddel critica o governo (federal)? Geddel critica ele (Wagner). At\u00e9 nisso ele quer pongar [&hellip;]<\/p>\n","protected":false},"author":2,"featured_media":0,"comment_status":"open","ping_status":"open","sticky":false,"template":"","format":"standard","meta":{"footnotes":"","_links_to":"","_links_to_target":""},"categories":[1],"tags":[],"class_list":["post-30371","post","type-post","status-publish","format-standard","hentry","category-geral"],"views":187,"_links":{"self":[{"href":"https:\/\/www.sudoestehoje.com.br\/novoportal\/wp-json\/wp\/v2\/posts\/30371","targetHints":{"allow":["GET"]}}],"collection":[{"href":"https:\/\/www.sudoestehoje.com.br\/novoportal\/wp-json\/wp\/v2\/posts"}],"about":[{"href":"https:\/\/www.sudoestehoje.com.br\/novoportal\/wp-json\/wp\/v2\/types\/post"}],"author":[{"embeddable":true,"href":"https:\/\/www.sudoestehoje.com.br\/novoportal\/wp-json\/wp\/v2\/users\/2"}],"replies":[{"embeddable":true,"href":"https:\/\/www.sudoestehoje.com.br\/novoportal\/wp-json\/wp\/v2\/comments?post=30371"}],"version-history":[{"count":2,"href":"https:\/\/www.sudoestehoje.com.br\/novoportal\/wp-json\/wp\/v2\/posts\/30371\/revisions"}],"predecessor-version":[{"id":30374,"href":"https:\/\/www.sudoestehoje.com.br\/novoportal\/wp-json\/wp\/v2\/posts\/30371\/revisions\/30374"}],"wp:attachment":[{"href":"https:\/\/www.sudoestehoje.com.br\/novoportal\/wp-json\/wp\/v2\/media?parent=30371"}],"wp:term":[{"taxonomy":"category","embeddable":true,"href":"https:\/\/www.sudoestehoje.com.br\/novoportal\/wp-json\/wp\/v2\/categories?post=30371"},{"taxonomy":"post_tag","embeddable":true,"href":"https:\/\/www.sudoestehoje.com.br\/novoportal\/wp-json\/wp\/v2\/tags?post=30371"}],"curies":[{"name":"wp","href":"https:\/\/api.w.org\/{rel}","templated":true}]}}