
{"id":30368,"date":"2013-09-11T12:07:50","date_gmt":"2013-09-11T15:07:50","guid":{"rendered":"http:\/\/www.sudoestehoje.com.br\/novoportal\/?p=30368"},"modified":"2013-09-11T12:07:50","modified_gmt":"2013-09-11T15:07:50","slug":"wagner-pede-a-cabeca-de-geddel","status":"publish","type":"post","link":"https:\/\/www.sudoestehoje.com.br\/novoportal\/2013\/09\/11\/wagner-pede-a-cabeca-de-geddel\/","title":{"rendered":"WAGNER PEDE A CABE\u00c7A DE GEDDEL"},"content":{"rendered":"<p style=\"text-align: center;\"><a href=\"http:\/\/www.sudoestehoje.com.br\/novoportal\/wp-content\/uploads\/2013\/09\/geddel-x-wagner-300x196.jpg\"><img decoding=\"async\" class=\"aligncenter  wp-image-30369\" alt=\"geddel-x-wagner-300x196\" src=\"http:\/\/www.sudoestehoje.com.br\/novoportal\/wp-content\/uploads\/2013\/09\/geddel-x-wagner-300x196.jpg\" width=\"500\" \/><\/a><\/p>\n<p>O governador da Bahia, Jaques Wagner (PT), considera incompat\u00edvel que o peemedebista Geddel Vieira Lima permane\u00e7a na vice-presid\u00eancia de Pessoa Jur\u00eddica da Caixa Econ\u00f4mica Federal fazendo duras cr\u00edticas ao governo, como ocorre. \u201cFicar no cargo e ficar criticando o governo e tudo, eu acho que n\u00e3o \u00e9 de bom tom\u201d, desabafou o governador, no Pal\u00e1cio do Planalto.<\/p>\n<p>Wagner participou de cerim\u00f4nia de assinatura de termos de compromisso do Programa \u00c1gua para Todos com munic\u00edpios do semi\u00e1rido brasileiro, nesta ter\u00e7a-feira, 10, na capital federal. Indagado se n\u00e3o considerava que tirar Geddel da Caixa poderia transform\u00e1-lo \u201cem v\u00edtima\u201d, ajudando a campanha do peemedebista para o governo baiano, contra o pr\u00f3prio PT, respondeu: \u201cN\u00e3o acho, n\u00e3o\u201d.<\/p>\n<p>Em seguida, Jaques Wagner acrescentou: \u201cEle est\u00e1 apoiando a oposi\u00e7\u00e3o, se solidarizando com a oposi\u00e7\u00e3o e at\u00e9 apoiando Saboia\u201d, referindo-se ao diplomata Eduardo Saboia, afastado do posto desde que ajudou na fuga do senador boliviano Roger Pinto Molina para o Brasil. Pol\u00edtica Livre<\/p>\n","protected":false},"excerpt":{"rendered":"<p>O governador da Bahia, Jaques Wagner (PT), considera incompat\u00edvel que o peemedebista Geddel Vieira Lima permane\u00e7a na vice-presid\u00eancia de Pessoa Jur\u00eddica da Caixa Econ\u00f4mica Federal fazendo duras cr\u00edticas ao governo, como ocorre. \u201cFicar no cargo e ficar criticando o governo e tudo, eu acho que n\u00e3o \u00e9 de bom tom\u201d, desabafou o governador, no Pal\u00e1cio [&hellip;]<\/p>\n","protected":false},"author":2,"featured_media":0,"comment_status":"open","ping_status":"open","sticky":false,"template":"","format":"standard","meta":{"footnotes":"","_links_to":"","_links_to_target":""},"categories":[1],"tags":[],"class_list":["post-30368","post","type-post","status-publish","format-standard","hentry","category-geral"],"views":1127,"_links":{"self":[{"href":"https:\/\/www.sudoestehoje.com.br\/novoportal\/wp-json\/wp\/v2\/posts\/30368","targetHints":{"allow":["GET"]}}],"collection":[{"href":"https:\/\/www.sudoestehoje.com.br\/novoportal\/wp-json\/wp\/v2\/posts"}],"about":[{"href":"https:\/\/www.sudoestehoje.com.br\/novoportal\/wp-json\/wp\/v2\/types\/post"}],"author":[{"embeddable":true,"href":"https:\/\/www.sudoestehoje.com.br\/novoportal\/wp-json\/wp\/v2\/users\/2"}],"replies":[{"embeddable":true,"href":"https:\/\/www.sudoestehoje.com.br\/novoportal\/wp-json\/wp\/v2\/comments?post=30368"}],"version-history":[{"count":1,"href":"https:\/\/www.sudoestehoje.com.br\/novoportal\/wp-json\/wp\/v2\/posts\/30368\/revisions"}],"predecessor-version":[{"id":30370,"href":"https:\/\/www.sudoestehoje.com.br\/novoportal\/wp-json\/wp\/v2\/posts\/30368\/revisions\/30370"}],"wp:attachment":[{"href":"https:\/\/www.sudoestehoje.com.br\/novoportal\/wp-json\/wp\/v2\/media?parent=30368"}],"wp:term":[{"taxonomy":"category","embeddable":true,"href":"https:\/\/www.sudoestehoje.com.br\/novoportal\/wp-json\/wp\/v2\/categories?post=30368"},{"taxonomy":"post_tag","embeddable":true,"href":"https:\/\/www.sudoestehoje.com.br\/novoportal\/wp-json\/wp\/v2\/tags?post=30368"}],"curies":[{"name":"wp","href":"https:\/\/api.w.org\/{rel}","templated":true}]}}