
{"id":30341,"date":"2013-09-10T21:18:35","date_gmt":"2013-09-11T00:18:35","guid":{"rendered":"http:\/\/www.sudoestehoje.com.br\/novoportal\/?p=30341"},"modified":"2013-09-10T21:29:07","modified_gmt":"2013-09-11T00:29:07","slug":"mst-e-recebido-a-bala-na-ssp","status":"publish","type":"post","link":"https:\/\/www.sudoestehoje.com.br\/novoportal\/2013\/09\/10\/mst-e-recebido-a-bala-na-ssp\/","title":{"rendered":"MST \u00c9 RECEBIDO \u00c0 BALA NA SSP"},"content":{"rendered":"<p><a href=\"http:\/\/www.sudoestehoje.com.br\/novoportal\/wp-content\/uploads\/2013\/09\/a-tiros.jpg\"><img loading=\"lazy\" decoding=\"async\" class=\"aligncenter size-medium wp-image-30342\" alt=\"a tiros\" src=\"http:\/\/www.sudoestehoje.com.br\/novoportal\/wp-content\/uploads\/2013\/09\/a-tiros-500x333.jpg\" width=\"500\" height=\"333\" srcset=\"https:\/\/www.sudoestehoje.com.br\/novoportal\/wp-content\/uploads\/2013\/09\/a-tiros-500x333.jpg 500w, https:\/\/www.sudoestehoje.com.br\/novoportal\/wp-content\/uploads\/2013\/09\/a-tiros.jpg 540w\" sizes=\"auto, (max-width: 500px) 100vw, 500px\" \/><\/a><\/p>\n<p>Seria impens\u00e1vel, anos atr\u00e1s, um membro de destaque de um governo petista, recebendo membros do MST \u00e0 bala. Mas aconteceu, nesta ter\u00e7a-feira, na sede da pr\u00f3pria Secretaria de Seguran\u00e7a P\u00fablica do Estado da Bahia, quando um grupo de militantes do movimento foi pedir ao secret\u00e1rio, agilidade nas investiga\u00e7\u00f5es sobre o assassinato de um dos seus coordenadores, na cidade de Igua\u00ed. Para surpresa geral, o n\u00ba 2 da SSP recebeu os sem terras \u00e0 bala, sob o absurdo pretexto de &#8220;conter uma invas\u00e3o violenta&#8221;. Agora, o PT que tanto defende os &#8220;m\u00e9todos pac\u00edficos&#8221; do MST, vai ter que encontrar uma forma racional de se explicar, sem cair em contradi\u00e7\u00e3o. \u00a0N\u00e3o vai ser f\u00e1cil&#8230;<\/p>\n<p><strong><em>Por Davi Ferraz<\/em><\/strong><\/p>\n","protected":false},"excerpt":{"rendered":"<p>Seria impens\u00e1vel, anos atr\u00e1s, um membro de destaque de um governo petista, recebendo membros do MST \u00e0 bala. Mas aconteceu, nesta ter\u00e7a-feira, na sede da pr\u00f3pria Secretaria de Seguran\u00e7a P\u00fablica do Estado da Bahia, quando um grupo de militantes do movimento foi pedir ao secret\u00e1rio, agilidade nas investiga\u00e7\u00f5es sobre o assassinato de um dos seus [&hellip;]<\/p>\n","protected":false},"author":2,"featured_media":0,"comment_status":"open","ping_status":"open","sticky":false,"template":"","format":"standard","meta":{"footnotes":"","_links_to":"","_links_to_target":""},"categories":[1],"tags":[],"class_list":["post-30341","post","type-post","status-publish","format-standard","hentry","category-geral"],"views":1520,"_links":{"self":[{"href":"https:\/\/www.sudoestehoje.com.br\/novoportal\/wp-json\/wp\/v2\/posts\/30341","targetHints":{"allow":["GET"]}}],"collection":[{"href":"https:\/\/www.sudoestehoje.com.br\/novoportal\/wp-json\/wp\/v2\/posts"}],"about":[{"href":"https:\/\/www.sudoestehoje.com.br\/novoportal\/wp-json\/wp\/v2\/types\/post"}],"author":[{"embeddable":true,"href":"https:\/\/www.sudoestehoje.com.br\/novoportal\/wp-json\/wp\/v2\/users\/2"}],"replies":[{"embeddable":true,"href":"https:\/\/www.sudoestehoje.com.br\/novoportal\/wp-json\/wp\/v2\/comments?post=30341"}],"version-history":[{"count":3,"href":"https:\/\/www.sudoestehoje.com.br\/novoportal\/wp-json\/wp\/v2\/posts\/30341\/revisions"}],"predecessor-version":[{"id":30345,"href":"https:\/\/www.sudoestehoje.com.br\/novoportal\/wp-json\/wp\/v2\/posts\/30341\/revisions\/30345"}],"wp:attachment":[{"href":"https:\/\/www.sudoestehoje.com.br\/novoportal\/wp-json\/wp\/v2\/media?parent=30341"}],"wp:term":[{"taxonomy":"category","embeddable":true,"href":"https:\/\/www.sudoestehoje.com.br\/novoportal\/wp-json\/wp\/v2\/categories?post=30341"},{"taxonomy":"post_tag","embeddable":true,"href":"https:\/\/www.sudoestehoje.com.br\/novoportal\/wp-json\/wp\/v2\/tags?post=30341"}],"curies":[{"name":"wp","href":"https:\/\/api.w.org\/{rel}","templated":true}]}}