
{"id":303,"date":"2010-08-20T08:38:41","date_gmt":"2010-08-20T11:38:41","guid":{"rendered":"http:\/\/sudoestehoje.tempsite.ws\/novoportal\/?p=303"},"modified":"2010-09-18T14:34:09","modified_gmt":"2010-09-18T17:34:09","slug":"21-pessoas-estao-sob-suspeita-de-sarampo-na-bahia","status":"publish","type":"post","link":"https:\/\/www.sudoestehoje.com.br\/novoportal\/2010\/08\/20\/21-pessoas-estao-sob-suspeita-de-sarampo-na-bahia\/","title":{"rendered":"21 PESSOAS EST\u00c3O SOB SUSPEITA DE SARAMPO NA BAHIA"},"content":{"rendered":"<div>\n<div style=\"text-align: center;\"><img loading=\"lazy\" decoding=\"async\" src=\"http:\/\/www.bahianoticias.com.br\/fotos\/editor\/Image\/sarampo21.jpg\" border=\"0\" alt=\"\" width=\"350\" height=\"235\" \/><\/div>\n<p>A  suspeita de 21 casos de sarampo na Bahia \u2013 al\u00e9m da confirma\u00e7\u00e3o de um  caso no Par\u00e1 e de um poss\u00edvel surto na Argentina \u2013 fez a Secretaria  Estadual de Sa\u00fade (Sesab) emitir um alerta \u201cpara a necessidade urgente  da intensifica\u00e7\u00e3o da vigil\u00e2ncia do sarampo nos portos, aeroportos e  fronteiras\u201d. Ainda segundo o \u00f3rg\u00e3o, o mesmo comunicado foi direcionado  \u00e0s unidades de sa\u00fade. A inten\u00e7\u00e3o dos cuidados, conforme a coordenadora  da Vigil\u00e2ncia Epidemiol\u00f3gica das Doen\u00e7as Exantem\u00e1ticas da Sesab, a  sanitarista Adriana Dourado, \u00e9 fazer com que as pessoas contaminadas  comadoen\u00e7an\u00e3opossamtraz\u00eala para o Estado. \u201cEstamos tentando evitar que  casos sejam confirmados na Bahia\u201d. (A Tarde)<\/p>\n<p>Dados  da Sesab revelam que, de janeiro deste ano at\u00e9 o in\u00edcio de agosto, 62  casos de sarampo foram notificados naBahia. Deste total,informa Adriana,  41 suspeitas foram descartadas e 21 est\u00e3o sob investiga\u00e7\u00e3o dos \u00f3rg\u00e3os  de vigil\u00e2ncia epidemiol\u00f3gica.<\/p>\n<\/div>\n","protected":false},"excerpt":{"rendered":"<p>A suspeita de 21 casos de sarampo na Bahia \u2013 al\u00e9m da confirma\u00e7\u00e3o de um caso no Par\u00e1 e de um poss\u00edvel surto na Argentina \u2013 fez a Secretaria Estadual de Sa\u00fade (Sesab) emitir um alerta \u201cpara a necessidade urgente da intensifica\u00e7\u00e3o da vigil\u00e2ncia do sarampo nos portos, aeroportos e fronteiras\u201d. Ainda segundo o \u00f3rg\u00e3o, [&hellip;]<\/p>\n","protected":false},"author":1,"featured_media":0,"comment_status":"open","ping_status":"open","sticky":false,"template":"","format":"standard","meta":{"footnotes":"","_links_to":"","_links_to_target":""},"categories":[1],"tags":[],"class_list":["post-303","post","type-post","status-publish","format-standard","hentry","category-geral"],"views":1261,"_links":{"self":[{"href":"https:\/\/www.sudoestehoje.com.br\/novoportal\/wp-json\/wp\/v2\/posts\/303","targetHints":{"allow":["GET"]}}],"collection":[{"href":"https:\/\/www.sudoestehoje.com.br\/novoportal\/wp-json\/wp\/v2\/posts"}],"about":[{"href":"https:\/\/www.sudoestehoje.com.br\/novoportal\/wp-json\/wp\/v2\/types\/post"}],"author":[{"embeddable":true,"href":"https:\/\/www.sudoestehoje.com.br\/novoportal\/wp-json\/wp\/v2\/users\/1"}],"replies":[{"embeddable":true,"href":"https:\/\/www.sudoestehoje.com.br\/novoportal\/wp-json\/wp\/v2\/comments?post=303"}],"version-history":[{"count":1,"href":"https:\/\/www.sudoestehoje.com.br\/novoportal\/wp-json\/wp\/v2\/posts\/303\/revisions"}],"predecessor-version":[{"id":304,"href":"https:\/\/www.sudoestehoje.com.br\/novoportal\/wp-json\/wp\/v2\/posts\/303\/revisions\/304"}],"wp:attachment":[{"href":"https:\/\/www.sudoestehoje.com.br\/novoportal\/wp-json\/wp\/v2\/media?parent=303"}],"wp:term":[{"taxonomy":"category","embeddable":true,"href":"https:\/\/www.sudoestehoje.com.br\/novoportal\/wp-json\/wp\/v2\/categories?post=303"},{"taxonomy":"post_tag","embeddable":true,"href":"https:\/\/www.sudoestehoje.com.br\/novoportal\/wp-json\/wp\/v2\/tags?post=303"}],"curies":[{"name":"wp","href":"https:\/\/api.w.org\/{rel}","templated":true}]}}