
{"id":30275,"date":"2013-09-06T21:04:57","date_gmt":"2013-09-07T00:04:57","guid":{"rendered":"http:\/\/www.sudoestehoje.com.br\/novoportal\/?p=30275"},"modified":"2013-09-06T21:04:57","modified_gmt":"2013-09-07T00:04:57","slug":"secretario-da-agricultura-eduardo-sales-abre-vi-expoagro-de-potiragua","status":"publish","type":"post","link":"https:\/\/www.sudoestehoje.com.br\/novoportal\/2013\/09\/06\/secretario-da-agricultura-eduardo-sales-abre-vi-expoagro-de-potiragua\/","title":{"rendered":"SECRET\u00c1RIO DA AGRICULTURA EDUARDO SALES ABRE VI EXPOAGRO DE POTIRAGU\u00c1"},"content":{"rendered":"<p><a href=\"http:\/\/www.sudoestehoje.com.br\/novoportal\/wp-content\/uploads\/2013\/09\/EXPOAGRO-POTIRAGU\u00c1.jpg\"><img loading=\"lazy\" decoding=\"async\" class=\"aligncenter size-medium wp-image-30276\" alt=\"EXPOAGRO POTIRAGU\u00c1\" src=\"http:\/\/www.sudoestehoje.com.br\/novoportal\/wp-content\/uploads\/2013\/09\/EXPOAGRO-POTIRAGU\u00c1-500x375.jpg\" width=\"500\" height=\"375\" srcset=\"https:\/\/www.sudoestehoje.com.br\/novoportal\/wp-content\/uploads\/2013\/09\/EXPOAGRO-POTIRAGU\u00c1-500x375.jpg 500w, https:\/\/www.sudoestehoje.com.br\/novoportal\/wp-content\/uploads\/2013\/09\/EXPOAGRO-POTIRAGU\u00c1-700x525.jpg 700w, https:\/\/www.sudoestehoje.com.br\/novoportal\/wp-content\/uploads\/2013\/09\/EXPOAGRO-POTIRAGU\u00c1.jpg 960w\" sizes=\"auto, (max-width: 500px) 100vw, 500px\" \/><\/a><\/p>\n<p>Na tarde desta sexta-feira foi realizada a abertura da VI Expoagro e 35\u00aa Vaquejada de Potiragu\u00e1. O evento contou com a presen\u00e7a do Secret\u00e1rio de Agricultura do Estado da Bahia, Eduardo Sales. Durante o evento, o secret\u00e1rio\u00a0Eduardo Sales anunciou a\u00e7\u00f5es da Secretaria da Agricultura do Estado na \u00e1rea de piscicultura no munic\u00edpio, al\u00e9m de outras a\u00e7\u00f5es que est\u00e3o previstas para serem realizadas em breve, atrav\u00e9s de projetos do secret\u00e1rio municipal de agricultura, Jos\u00e9 Santana Junior.\u00a0O prefeito Lu\u00eds Soares (PT) recebeu os deputados estaduais Rosemberg Pinto (PT) e Ronaldo Carleto (PP), al\u00e9m do vice-prefeito de Itarantim, Cleber do PT, e outras autoridades.<\/p>\n<p><em>Ascom<\/em><\/p>\n","protected":false},"excerpt":{"rendered":"<p>Na tarde desta sexta-feira foi realizada a abertura da VI Expoagro e 35\u00aa Vaquejada de Potiragu\u00e1. O evento contou com a presen\u00e7a do Secret\u00e1rio de Agricultura do Estado da Bahia, Eduardo Sales. Durante o evento, o secret\u00e1rio\u00a0Eduardo Sales anunciou a\u00e7\u00f5es da Secretaria da Agricultura do Estado na \u00e1rea de piscicultura no munic\u00edpio, al\u00e9m de outras [&hellip;]<\/p>\n","protected":false},"author":2,"featured_media":0,"comment_status":"open","ping_status":"open","sticky":false,"template":"","format":"standard","meta":{"footnotes":"","_links_to":"","_links_to_target":""},"categories":[1],"tags":[],"class_list":["post-30275","post","type-post","status-publish","format-standard","hentry","category-geral"],"views":1911,"_links":{"self":[{"href":"https:\/\/www.sudoestehoje.com.br\/novoportal\/wp-json\/wp\/v2\/posts\/30275","targetHints":{"allow":["GET"]}}],"collection":[{"href":"https:\/\/www.sudoestehoje.com.br\/novoportal\/wp-json\/wp\/v2\/posts"}],"about":[{"href":"https:\/\/www.sudoestehoje.com.br\/novoportal\/wp-json\/wp\/v2\/types\/post"}],"author":[{"embeddable":true,"href":"https:\/\/www.sudoestehoje.com.br\/novoportal\/wp-json\/wp\/v2\/users\/2"}],"replies":[{"embeddable":true,"href":"https:\/\/www.sudoestehoje.com.br\/novoportal\/wp-json\/wp\/v2\/comments?post=30275"}],"version-history":[{"count":2,"href":"https:\/\/www.sudoestehoje.com.br\/novoportal\/wp-json\/wp\/v2\/posts\/30275\/revisions"}],"predecessor-version":[{"id":30278,"href":"https:\/\/www.sudoestehoje.com.br\/novoportal\/wp-json\/wp\/v2\/posts\/30275\/revisions\/30278"}],"wp:attachment":[{"href":"https:\/\/www.sudoestehoje.com.br\/novoportal\/wp-json\/wp\/v2\/media?parent=30275"}],"wp:term":[{"taxonomy":"category","embeddable":true,"href":"https:\/\/www.sudoestehoje.com.br\/novoportal\/wp-json\/wp\/v2\/categories?post=30275"},{"taxonomy":"post_tag","embeddable":true,"href":"https:\/\/www.sudoestehoje.com.br\/novoportal\/wp-json\/wp\/v2\/tags?post=30275"}],"curies":[{"name":"wp","href":"https:\/\/api.w.org\/{rel}","templated":true}]}}