
{"id":30266,"date":"2013-09-06T10:57:39","date_gmt":"2013-09-06T13:57:39","guid":{"rendered":"http:\/\/www.sudoestehoje.com.br\/novoportal\/?p=30266"},"modified":"2013-09-07T15:00:54","modified_gmt":"2013-09-07T18:00:54","slug":"leoncio-quer-lancar-junseira-para-prefeito-de-itapetinga-2","status":"publish","type":"post","link":"https:\/\/www.sudoestehoje.com.br\/novoportal\/2013\/09\/06\/leoncio-quer-lancar-junseira-para-prefeito-de-itapetinga-2\/","title":{"rendered":"LE\u00d4NCIO QUER LAN\u00c7AR JUNSEIRA PARA PREFEITO DE ITAPETINGA"},"content":{"rendered":"<p><img decoding=\"async\" class=\"aligncenter\" alt=\"\" src=\"http:\/\/3.bp.blogspot.com\/-vDWzQFbD4Nw\/T4XDuw8UzhI\/AAAAAAAAAXE\/Tl0uo7l4RSk\/s1600\/tree01.gif\" width=\"500\" \/><\/p>\n<p style=\"text-align: center;\"><em>&#8220;Defesa do meio ambiente&#8221; ser\u00e1 o slogan da campanha de Junseira\u00a0<\/em><\/p>\n<p>&nbsp;<\/p>\n<p>Nos \u00faltimos meses, uma articula\u00e7\u00e3o pol\u00edtica vem sendo realizada na surdina e j\u00e1 come\u00e7a a ganhar corpo nos bastidores pol\u00edticos da cidade. Trata-se do plano diab\u00f3lico do secret\u00e1rio &#8216;alaranjado&#8217; Carlos Le\u00f4ncio, que pretende lan\u00e7ar o seu amigo \u00edntimo Jos\u00e9 Junseira, promotor p\u00fablico, como candidato \u00e0 sucess\u00e3o do prefeito Z\u00e9 Carlos em 2016.<\/p>\n<p>O plano de Le\u00f4ncio, embora pare\u00e7a absurdo, tem o aval de figuras de destaque dentro do grupo do prefeito Z\u00e9 Carlos e do pr\u00f3prio PT, e ganhou for\u00e7a depois que o promotor teve o seu pedido de remo\u00e7\u00e3o para Vit\u00f3ria da Conquista rejeitado pelo Minist\u00e9rio P\u00fablico Estadual, a pedido dos seus pr\u00f3prios colegas conquistenses.<\/p>\n<p>Com isto, e considerando os &#8220;inestim\u00e1veis servi\u00e7os&#8221; prestados pelo promotor ao grupo do prefeito, engavetando todas as den\u00fancias de corrup\u00e7\u00e3o que chegam \u00e0s suas m\u00e3os, contra Z\u00e9 Carlos e seus 40 delinquentes, al\u00e9m de atuar como verdadeiro procurador jur\u00eddico do munic\u00edpio, &#8220;sem qualquer remunera\u00e7\u00e3o&#8221;, nada mais justo do que presente\u00e1-lo com a candidatura a prefeito de Itapetinga, como recompensa pelo seu &#8220;enorme esfor\u00e7o&#8221; pela causa p\u00fablica.<\/p>\n<p>S\u00f3 para relembrar, na folha corrida do promotor constam os seguintes &#8220;servi\u00e7os&#8221;, em prol da comunidade: defesa intransigente de Carlos Le\u00f4ncio no lament\u00e1vel epis\u00f3dio do abandono e sumi\u00e7o dos animais da Matinha; libera\u00e7\u00e3o do aterro sanit\u00e1rio sem licen\u00e7a ambiental; corte de dezenas \u00e1rvores no Parque da Lagoa; vista grossa na constru\u00e7\u00e3o de uma passarela no rio Catol\u00e9 sem a devida licen\u00e7a ambiental do Inema; apoio irrestrito a Le\u00f4ncio no imperdo\u00e1vel abandono do projeto de recupera\u00e7\u00e3o do rio Catol\u00e9, cujos recursos da ordem de 6 milh\u00f5es est\u00e3o sendo corro\u00eddos por juros e corre\u00e7\u00e3o na Caixa Econ\u00f4mica Federal desde 2008; persegui\u00e7\u00e3o a camel\u00f4s e ambulantes no centro da cidade; vista grossa ao abate clandestino de animais para consumo humano; omiss\u00e3o na execu\u00e7\u00e3o da Portaria 304 do minist\u00e9rio da Agricultura no munic\u00edpio; apoio ao contrato ilegal de uma firma fantasma em nome de sua esposa com o SAAE, dentre outras aventuras bem lucrativas que ser\u00e3o objeto de den\u00fancia neste blog, oportunamente.<\/p>\n<p>Com um curr\u00edculo t\u00e3o recheado, a vit\u00f3ria j\u00e1 est\u00e1 garantida&#8230;<\/p>\n<p><strong><em>Por Davi Ferraz<\/em><\/strong><\/p>\n","protected":false},"excerpt":{"rendered":"<p>&#8220;Defesa do meio ambiente&#8221; ser\u00e1 o slogan da campanha de Junseira\u00a0 &nbsp; Nos \u00faltimos meses, uma articula\u00e7\u00e3o pol\u00edtica vem sendo realizada na surdina e j\u00e1 come\u00e7a a ganhar corpo nos bastidores pol\u00edticos da cidade. Trata-se do plano diab\u00f3lico do secret\u00e1rio &#8216;alaranjado&#8217; Carlos Le\u00f4ncio, que pretende lan\u00e7ar o seu amigo \u00edntimo Jos\u00e9 Junseira, promotor p\u00fablico, como [&hellip;]<\/p>\n","protected":false},"author":2,"featured_media":0,"comment_status":"open","ping_status":"open","sticky":false,"template":"","format":"standard","meta":{"footnotes":"","_links_to":"","_links_to_target":""},"categories":[1],"tags":[],"class_list":["post-30266","post","type-post","status-publish","format-standard","hentry","category-geral"],"views":1395,"_links":{"self":[{"href":"https:\/\/www.sudoestehoje.com.br\/novoportal\/wp-json\/wp\/v2\/posts\/30266","targetHints":{"allow":["GET"]}}],"collection":[{"href":"https:\/\/www.sudoestehoje.com.br\/novoportal\/wp-json\/wp\/v2\/posts"}],"about":[{"href":"https:\/\/www.sudoestehoje.com.br\/novoportal\/wp-json\/wp\/v2\/types\/post"}],"author":[{"embeddable":true,"href":"https:\/\/www.sudoestehoje.com.br\/novoportal\/wp-json\/wp\/v2\/users\/2"}],"replies":[{"embeddable":true,"href":"https:\/\/www.sudoestehoje.com.br\/novoportal\/wp-json\/wp\/v2\/comments?post=30266"}],"version-history":[{"count":8,"href":"https:\/\/www.sudoestehoje.com.br\/novoportal\/wp-json\/wp\/v2\/posts\/30266\/revisions"}],"predecessor-version":[{"id":30307,"href":"https:\/\/www.sudoestehoje.com.br\/novoportal\/wp-json\/wp\/v2\/posts\/30266\/revisions\/30307"}],"wp:attachment":[{"href":"https:\/\/www.sudoestehoje.com.br\/novoportal\/wp-json\/wp\/v2\/media?parent=30266"}],"wp:term":[{"taxonomy":"category","embeddable":true,"href":"https:\/\/www.sudoestehoje.com.br\/novoportal\/wp-json\/wp\/v2\/categories?post=30266"},{"taxonomy":"post_tag","embeddable":true,"href":"https:\/\/www.sudoestehoje.com.br\/novoportal\/wp-json\/wp\/v2\/tags?post=30266"}],"curies":[{"name":"wp","href":"https:\/\/api.w.org\/{rel}","templated":true}]}}