
{"id":30240,"date":"2013-09-05T21:02:44","date_gmt":"2013-09-06T00:02:44","guid":{"rendered":"http:\/\/www.sudoestehoje.com.br\/novoportal\/?p=30240"},"modified":"2013-09-05T21:03:39","modified_gmt":"2013-09-06T00:03:39","slug":"fim-da-reeleicao-e-coincidencia-de-mandatos-na-reforma-politica","status":"publish","type":"post","link":"https:\/\/www.sudoestehoje.com.br\/novoportal\/2013\/09\/05\/fim-da-reeleicao-e-coincidencia-de-mandatos-na-reforma-politica\/","title":{"rendered":"FIM DA REELEI\u00c7\u00c3O E COINCID\u00caNCIA DE MANDATOS NA REFORMA POL\u00cdTICA"},"content":{"rendered":"<p><a href=\"http:\/\/www.sudoestehoje.com.br\/novoportal\/wp-content\/uploads\/2013\/09\/fim-da-reelei\u00e7\u00e3o.jpg\"><img loading=\"lazy\" decoding=\"async\" class=\"aligncenter size-full wp-image-30241\" alt=\"fim-da-reelei\u00e7\u00e3o\" src=\"http:\/\/www.sudoestehoje.com.br\/novoportal\/wp-content\/uploads\/2013\/09\/fim-da-reelei\u00e7\u00e3o.jpg\" width=\"400\" height=\"267\" \/><\/a><\/p>\n<p>O grupo de trabalho encarregado de elaborar uma proposta de reforma pol\u00edtica realizou na manh\u00e3 desta quinta-feira, 05, suas primeiras delibera\u00e7\u00f5es e tomou posi\u00e7\u00e3o pelo fim da reelei\u00e7\u00e3o para cargos do Executivo e pela coincid\u00eancia dos mandatos municipais, estaduais e federais. Pelo que foi decidido pelo colegiado coordenado pelo deputado C\u00e2ndido Vaccarezza (PT-SP), as duas altera\u00e7\u00f5es valeriam a partir do pleito de 2018. Ficou decidido, tamb\u00e9m, que prefeitos e vereadores eleitos em 2016 cumpririam apenas um mandato tamp\u00e3o, de dois anos. Dessa forma, todos os cargos eletivos j\u00e1 seriam escolhidos num mesmo ano, em 2018.<\/p>\n<p><strong><em>Sudoeste Hoje\u00a0<\/em><\/strong><\/p>\n","protected":false},"excerpt":{"rendered":"<p>O grupo de trabalho encarregado de elaborar uma proposta de reforma pol\u00edtica realizou na manh\u00e3 desta quinta-feira, 05, suas primeiras delibera\u00e7\u00f5es e tomou posi\u00e7\u00e3o pelo fim da reelei\u00e7\u00e3o para cargos do Executivo e pela coincid\u00eancia dos mandatos municipais, estaduais e federais. Pelo que foi decidido pelo colegiado coordenado pelo deputado C\u00e2ndido Vaccarezza (PT-SP), as duas [&hellip;]<\/p>\n","protected":false},"author":2,"featured_media":0,"comment_status":"open","ping_status":"open","sticky":false,"template":"","format":"standard","meta":{"footnotes":"","_links_to":"","_links_to_target":""},"categories":[1],"tags":[],"class_list":["post-30240","post","type-post","status-publish","format-standard","hentry","category-geral"],"views":1314,"_links":{"self":[{"href":"https:\/\/www.sudoestehoje.com.br\/novoportal\/wp-json\/wp\/v2\/posts\/30240","targetHints":{"allow":["GET"]}}],"collection":[{"href":"https:\/\/www.sudoestehoje.com.br\/novoportal\/wp-json\/wp\/v2\/posts"}],"about":[{"href":"https:\/\/www.sudoestehoje.com.br\/novoportal\/wp-json\/wp\/v2\/types\/post"}],"author":[{"embeddable":true,"href":"https:\/\/www.sudoestehoje.com.br\/novoportal\/wp-json\/wp\/v2\/users\/2"}],"replies":[{"embeddable":true,"href":"https:\/\/www.sudoestehoje.com.br\/novoportal\/wp-json\/wp\/v2\/comments?post=30240"}],"version-history":[{"count":2,"href":"https:\/\/www.sudoestehoje.com.br\/novoportal\/wp-json\/wp\/v2\/posts\/30240\/revisions"}],"predecessor-version":[{"id":30243,"href":"https:\/\/www.sudoestehoje.com.br\/novoportal\/wp-json\/wp\/v2\/posts\/30240\/revisions\/30243"}],"wp:attachment":[{"href":"https:\/\/www.sudoestehoje.com.br\/novoportal\/wp-json\/wp\/v2\/media?parent=30240"}],"wp:term":[{"taxonomy":"category","embeddable":true,"href":"https:\/\/www.sudoestehoje.com.br\/novoportal\/wp-json\/wp\/v2\/categories?post=30240"},{"taxonomy":"post_tag","embeddable":true,"href":"https:\/\/www.sudoestehoje.com.br\/novoportal\/wp-json\/wp\/v2\/tags?post=30240"}],"curies":[{"name":"wp","href":"https:\/\/api.w.org\/{rel}","templated":true}]}}