
{"id":30234,"date":"2013-09-05T14:26:58","date_gmt":"2013-09-05T17:26:58","guid":{"rendered":"http:\/\/www.sudoestehoje.com.br\/novoportal\/?p=30234"},"modified":"2013-09-05T14:31:03","modified_gmt":"2013-09-05T17:31:03","slug":"condenado-no-mensalao-genoino-pede-aposentaria-por-invalidez","status":"publish","type":"post","link":"https:\/\/www.sudoestehoje.com.br\/novoportal\/2013\/09\/05\/condenado-no-mensalao-genoino-pede-aposentaria-por-invalidez\/","title":{"rendered":"CONDENADO NO MENSAL\u00c3O, GENO\u00cdNO PEDE APOSENTADORIA POR INVALIDEZ"},"content":{"rendered":"<p><a href=\"http:\/\/www.sudoestehoje.com.br\/novoportal\/wp-content\/uploads\/2013\/09\/jose-genoino-02.jpg\"><img loading=\"lazy\" decoding=\"async\" class=\"aligncenter size-medium wp-image-30236\" alt=\"jose-genoino-02\" src=\"http:\/\/www.sudoestehoje.com.br\/novoportal\/wp-content\/uploads\/2013\/09\/jose-genoino-02-500x360.jpg\" width=\"500\" height=\"360\" srcset=\"https:\/\/www.sudoestehoje.com.br\/novoportal\/wp-content\/uploads\/2013\/09\/jose-genoino-02-500x360.jpg 500w, https:\/\/www.sudoestehoje.com.br\/novoportal\/wp-content\/uploads\/2013\/09\/jose-genoino-02.jpg 565w\" sizes=\"auto, (max-width: 500px) 100vw, 500px\" \/><\/a><\/p>\n<p>Ent\u00e3o presidente do PT no auge do mensal\u00e3o e condenado a seis anos e 11 meses em regime semiaberto pelos crimes de corrup\u00e7\u00e3o ativa e forma\u00e7\u00e3o de quadrilha, o deputado Jos\u00e9 Genoino entrou nesta quarta-feira (4) com um pedido de aposentadoria por invalidez na C\u00e2mara Federal. A informa\u00e7\u00e3o foi divulgada por seu advogado, Luiz Fernando Pacheco. &#8220;O estado de sa\u00fade dele recomenda repouso e inspira cuidados&#8221;, disse o defensor. Em julho, o parlamentar foi internado ap\u00f3s sofrer uma isquemia cerebral \u2013 obstru\u00e7\u00e3o da circula\u00e7\u00e3o sangu\u00ednea \u2013, que foi prontamente revertida. Ele teve alta no dia 20 de agosto.<\/p>\n","protected":false},"excerpt":{"rendered":"<p>Ent\u00e3o presidente do PT no auge do mensal\u00e3o e condenado a seis anos e 11 meses em regime semiaberto pelos crimes de corrup\u00e7\u00e3o ativa e forma\u00e7\u00e3o de quadrilha, o deputado Jos\u00e9 Genoino entrou nesta quarta-feira (4) com um pedido de aposentadoria por invalidez na C\u00e2mara Federal. A informa\u00e7\u00e3o foi divulgada por seu advogado, Luiz Fernando [&hellip;]<\/p>\n","protected":false},"author":2,"featured_media":0,"comment_status":"open","ping_status":"open","sticky":false,"template":"","format":"standard","meta":{"footnotes":"","_links_to":"","_links_to_target":""},"categories":[1],"tags":[],"class_list":["post-30234","post","type-post","status-publish","format-standard","hentry","category-geral"],"views":1360,"_links":{"self":[{"href":"https:\/\/www.sudoestehoje.com.br\/novoportal\/wp-json\/wp\/v2\/posts\/30234","targetHints":{"allow":["GET"]}}],"collection":[{"href":"https:\/\/www.sudoestehoje.com.br\/novoportal\/wp-json\/wp\/v2\/posts"}],"about":[{"href":"https:\/\/www.sudoestehoje.com.br\/novoportal\/wp-json\/wp\/v2\/types\/post"}],"author":[{"embeddable":true,"href":"https:\/\/www.sudoestehoje.com.br\/novoportal\/wp-json\/wp\/v2\/users\/2"}],"replies":[{"embeddable":true,"href":"https:\/\/www.sudoestehoje.com.br\/novoportal\/wp-json\/wp\/v2\/comments?post=30234"}],"version-history":[{"count":4,"href":"https:\/\/www.sudoestehoje.com.br\/novoportal\/wp-json\/wp\/v2\/posts\/30234\/revisions"}],"predecessor-version":[{"id":30239,"href":"https:\/\/www.sudoestehoje.com.br\/novoportal\/wp-json\/wp\/v2\/posts\/30234\/revisions\/30239"}],"wp:attachment":[{"href":"https:\/\/www.sudoestehoje.com.br\/novoportal\/wp-json\/wp\/v2\/media?parent=30234"}],"wp:term":[{"taxonomy":"category","embeddable":true,"href":"https:\/\/www.sudoestehoje.com.br\/novoportal\/wp-json\/wp\/v2\/categories?post=30234"},{"taxonomy":"post_tag","embeddable":true,"href":"https:\/\/www.sudoestehoje.com.br\/novoportal\/wp-json\/wp\/v2\/tags?post=30234"}],"curies":[{"name":"wp","href":"https:\/\/api.w.org\/{rel}","templated":true}]}}