
{"id":30229,"date":"2013-09-05T09:57:55","date_gmt":"2013-09-05T12:57:55","guid":{"rendered":"http:\/\/www.sudoestehoje.com.br\/novoportal\/?p=30229"},"modified":"2013-09-05T09:57:55","modified_gmt":"2013-09-05T12:57:55","slug":"stf-pode-decidir-ainda-hoje-sobre-prisao-dos-mensaleiros","status":"publish","type":"post","link":"https:\/\/www.sudoestehoje.com.br\/novoportal\/2013\/09\/05\/stf-pode-decidir-ainda-hoje-sobre-prisao-dos-mensaleiros\/","title":{"rendered":"STF PODE DECIDIR AINDA HOJE SOBRE PRIS\u00c3O DOS MENSALEIROS"},"content":{"rendered":"<p style=\"text-align: center;\"><a href=\"http:\/\/www.sudoestehoje.com.br\/novoportal\/wp-content\/uploads\/2013\/09\/PRESOS.jpg\"><img decoding=\"async\" class=\"aligncenter  wp-image-30230\" alt=\"PRESOS\" src=\"http:\/\/www.sudoestehoje.com.br\/novoportal\/wp-content\/uploads\/2013\/09\/PRESOS.jpg\" width=\"400\" \/><\/a><\/p>\n<p>\u00c9 poss\u00edvel, o que n\u00e3o quer dizer prov\u00e1vel, que o Supremo Tribunal Federal pe\u00e7a, na tarde de hoje, a pris\u00e3o dos mensaleiros que n\u00e3o t\u00eam direito a embargos infringentes, isso se a Corte entender que cabe tais embargos porque, por hora, h\u00e1 uma pol\u00eamica que envolve os ministros.<\/p>\n<p>Se tal acontecer, para \u00a0alguns mensaleiros condenados devem ser expedidas ordens de pris\u00e3o, inclusive para alguns parlamentares como Valdemar da Costa Neto e Roberto Jefferson, que delatou o esquema que abalou o Pa\u00eds. Ainda n\u00e3o \u00e9 certo, at\u00e9 porque a sess\u00e3o de ontem terminou com d\u00favidas e pol\u00eamicas sobre as penas de alguns parlamentares e, at\u00e9, o pedido de que n\u00e3o fosse considerada, na dosimetria, os crimes de quadrilha.<\/p>\n<p>H\u00e1 outro fato importante: ser\u00e1 o Supremo que determinar\u00e1 a cassa\u00e7\u00e3o dos mandatos, cabendo a C\u00e2mara dos Deputados cumprir, atrav\u00e9s da sua Mesa Diretora, a ordem dos ministros. Hoje deve acontecer a \u00faltima sess\u00e3o envolvendo os embargos de declara\u00e7\u00e3o. Os embargos infringentes ainda s\u00e3o uma inc\u00f3gnita.<\/p>\n<p><em>Samuel Celestino (BN)<\/em><\/p>\n","protected":false},"excerpt":{"rendered":"<p>\u00c9 poss\u00edvel, o que n\u00e3o quer dizer prov\u00e1vel, que o Supremo Tribunal Federal pe\u00e7a, na tarde de hoje, a pris\u00e3o dos mensaleiros que n\u00e3o t\u00eam direito a embargos infringentes, isso se a Corte entender que cabe tais embargos porque, por hora, h\u00e1 uma pol\u00eamica que envolve os ministros. Se tal acontecer, para \u00a0alguns mensaleiros condenados [&hellip;]<\/p>\n","protected":false},"author":2,"featured_media":0,"comment_status":"open","ping_status":"open","sticky":false,"template":"","format":"standard","meta":{"footnotes":"","_links_to":"","_links_to_target":""},"categories":[1],"tags":[],"class_list":["post-30229","post","type-post","status-publish","format-standard","hentry","category-geral"],"views":1161,"_links":{"self":[{"href":"https:\/\/www.sudoestehoje.com.br\/novoportal\/wp-json\/wp\/v2\/posts\/30229","targetHints":{"allow":["GET"]}}],"collection":[{"href":"https:\/\/www.sudoestehoje.com.br\/novoportal\/wp-json\/wp\/v2\/posts"}],"about":[{"href":"https:\/\/www.sudoestehoje.com.br\/novoportal\/wp-json\/wp\/v2\/types\/post"}],"author":[{"embeddable":true,"href":"https:\/\/www.sudoestehoje.com.br\/novoportal\/wp-json\/wp\/v2\/users\/2"}],"replies":[{"embeddable":true,"href":"https:\/\/www.sudoestehoje.com.br\/novoportal\/wp-json\/wp\/v2\/comments?post=30229"}],"version-history":[{"count":1,"href":"https:\/\/www.sudoestehoje.com.br\/novoportal\/wp-json\/wp\/v2\/posts\/30229\/revisions"}],"predecessor-version":[{"id":30231,"href":"https:\/\/www.sudoestehoje.com.br\/novoportal\/wp-json\/wp\/v2\/posts\/30229\/revisions\/30231"}],"wp:attachment":[{"href":"https:\/\/www.sudoestehoje.com.br\/novoportal\/wp-json\/wp\/v2\/media?parent=30229"}],"wp:term":[{"taxonomy":"category","embeddable":true,"href":"https:\/\/www.sudoestehoje.com.br\/novoportal\/wp-json\/wp\/v2\/categories?post=30229"},{"taxonomy":"post_tag","embeddable":true,"href":"https:\/\/www.sudoestehoje.com.br\/novoportal\/wp-json\/wp\/v2\/tags?post=30229"}],"curies":[{"name":"wp","href":"https:\/\/api.w.org\/{rel}","templated":true}]}}