
{"id":30213,"date":"2013-09-05T09:05:47","date_gmt":"2013-09-05T12:05:47","guid":{"rendered":"http:\/\/www.sudoestehoje.com.br\/novoportal\/?p=30213"},"modified":"2013-09-05T09:06:57","modified_gmt":"2013-09-05T12:06:57","slug":"comutran-esquece-de-notificar-veiculos-escolares-para-vistoria-no-mp","status":"publish","type":"post","link":"https:\/\/www.sudoestehoje.com.br\/novoportal\/2013\/09\/05\/comutran-esquece-de-notificar-veiculos-escolares-para-vistoria-no-mp\/","title":{"rendered":"COMUTRAN &#8220;ESQUECE&#8221; DE NOTIFICAR VE\u00cdCULOS ESCOLARES PARA VISTORIA NO MP"},"content":{"rendered":"<p><a href=\"http:\/\/www.sudoestehoje.com.br\/novoportal\/wp-content\/uploads\/2013\/09\/VISTORIA-MP.jpg\"><img loading=\"lazy\" decoding=\"async\" class=\"aligncenter size-full wp-image-30218\" alt=\"VISTORIA MP\" src=\"http:\/\/www.sudoestehoje.com.br\/novoportal\/wp-content\/uploads\/2013\/09\/VISTORIA-MP.jpg\" width=\"500\" height=\"375\" \/><\/a><\/p>\n<p>A pedido da Associa\u00e7\u00e3o dos Transportes Escolares de Itapetinga (ATEI), o Minist\u00e9rio P\u00fablico determinou a vistoria de todos os ve\u00edculos que fazem esse tipo de transporte e marcou a sua realiza\u00e7\u00e3o para esta quarta-feira (04), em frente \u00e0 sede do pr\u00f3prio MP.<\/p>\n<p>\u00c0 Comutran, autarquia que cuida do tr\u00e2nsito no munic\u00edpio, coube a responsabilidade de convocar todos os condutores de alunos do munic\u00edpio, para a realiza\u00e7\u00e3o da vistoria dos seus ve\u00edculos, mas o \u00f3rg\u00e3o teria &#8220;esquecido&#8221; de fazer a convoca\u00e7\u00e3o, e somente os motoristas associados \u00e0 ATEI compareceram com seus respectivos ve\u00edculos e foram devidamente vistoriados. O Minist\u00e9rio P\u00fablico n\u00e3o gostou do &#8220;esquecimento&#8221; da Comutran e j\u00e1 remarcou nova vistoria para o pr\u00f3ximo dia 27. Quem n\u00e3o for, pode ter o ve\u00edculo apreendido.<\/p>\n<p>Comenta-se de boca pequena, que esse &#8220;esquecimento&#8221; da Comutran foi proposital, para n\u00e3o prejudicar funcion\u00e1rios e amigos dos dirigentes do pr\u00f3prio \u00f3rg\u00e3o, que fazem o transporte escolar de forma ilegal e clandestina. O mais curioso \u00e9 que a Comutran tem tamb\u00e9m a incumb\u00eancia de fiscalizar os &#8220;ilegais&#8221;. Ser\u00e1 que os agentes n\u00e3o v\u00e3o &#8220;esquecer&#8221; o tal\u00e3o de multa em casa? <em>(Foto C\u00e9sar Soares)<\/em><\/p>\n<p><strong><em>Sudoeste Hoje<\/em><\/strong><\/p>\n","protected":false},"excerpt":{"rendered":"<p>A pedido da Associa\u00e7\u00e3o dos Transportes Escolares de Itapetinga (ATEI), o Minist\u00e9rio P\u00fablico determinou a vistoria de todos os ve\u00edculos que fazem esse tipo de transporte e marcou a sua realiza\u00e7\u00e3o para esta quarta-feira (04), em frente \u00e0 sede do pr\u00f3prio MP. \u00c0 Comutran, autarquia que cuida do tr\u00e2nsito no munic\u00edpio, coube a responsabilidade de [&hellip;]<\/p>\n","protected":false},"author":2,"featured_media":0,"comment_status":"open","ping_status":"open","sticky":false,"template":"","format":"standard","meta":{"footnotes":"","_links_to":"","_links_to_target":""},"categories":[1],"tags":[],"class_list":["post-30213","post","type-post","status-publish","format-standard","hentry","category-geral"],"views":1137,"_links":{"self":[{"href":"https:\/\/www.sudoestehoje.com.br\/novoportal\/wp-json\/wp\/v2\/posts\/30213","targetHints":{"allow":["GET"]}}],"collection":[{"href":"https:\/\/www.sudoestehoje.com.br\/novoportal\/wp-json\/wp\/v2\/posts"}],"about":[{"href":"https:\/\/www.sudoestehoje.com.br\/novoportal\/wp-json\/wp\/v2\/types\/post"}],"author":[{"embeddable":true,"href":"https:\/\/www.sudoestehoje.com.br\/novoportal\/wp-json\/wp\/v2\/users\/2"}],"replies":[{"embeddable":true,"href":"https:\/\/www.sudoestehoje.com.br\/novoportal\/wp-json\/wp\/v2\/comments?post=30213"}],"version-history":[{"count":7,"href":"https:\/\/www.sudoestehoje.com.br\/novoportal\/wp-json\/wp\/v2\/posts\/30213\/revisions"}],"predecessor-version":[{"id":30221,"href":"https:\/\/www.sudoestehoje.com.br\/novoportal\/wp-json\/wp\/v2\/posts\/30213\/revisions\/30221"}],"wp:attachment":[{"href":"https:\/\/www.sudoestehoje.com.br\/novoportal\/wp-json\/wp\/v2\/media?parent=30213"}],"wp:term":[{"taxonomy":"category","embeddable":true,"href":"https:\/\/www.sudoestehoje.com.br\/novoportal\/wp-json\/wp\/v2\/categories?post=30213"},{"taxonomy":"post_tag","embeddable":true,"href":"https:\/\/www.sudoestehoje.com.br\/novoportal\/wp-json\/wp\/v2\/tags?post=30213"}],"curies":[{"name":"wp","href":"https:\/\/api.w.org\/{rel}","templated":true}]}}