
{"id":30193,"date":"2013-09-03T23:25:43","date_gmt":"2013-09-04T02:25:43","guid":{"rendered":"http:\/\/www.sudoestehoje.com.br\/novoportal\/?p=30193"},"modified":"2013-09-03T23:25:43","modified_gmt":"2013-09-04T02:25:43","slug":"oi-deixa-usuarios-na-mao-nas-regioes-sul-e-sudoeste-do-estado","status":"publish","type":"post","link":"https:\/\/www.sudoestehoje.com.br\/novoportal\/2013\/09\/03\/oi-deixa-usuarios-na-mao-nas-regioes-sul-e-sudoeste-do-estado\/","title":{"rendered":"OI DEIXA USU\u00c1RIOS NA M\u00c3O NAS REGI\u00d5ES SUL E SUDOESTE DO ESTADO"},"content":{"rendered":"<p><a href=\"http:\/\/www.sudoestehoje.com.br\/novoportal\/wp-content\/uploads\/2013\/09\/OI-Negativo.png\"><img loading=\"lazy\" decoding=\"async\" class=\"size-full wp-image-30194 alignleft\" alt=\"OI Negativo\" src=\"http:\/\/www.sudoestehoje.com.br\/novoportal\/wp-content\/uploads\/2013\/09\/OI-Negativo.png\" width=\"216\" height=\"233\" \/><\/a><\/p>\n<p>O rompimento de cabos de fibra \u00f3tica no interior deixou parte do estado sem sinal telefonia fixa, m\u00f3vel e banda larga da operadora Oi nesta ter\u00e7a-feira (3). De acordo com a assessoria da empresa, a regi\u00e3o de Itabuna foi afetada pelo problema.<\/p>\n<p>O rompimento aconteceu em tr\u00eas pontos. Ainda de acordo com informa\u00e7\u00f5es da assessoria da empresa, um deles foi ocasionado por obras de responsabilidade de terceiros e os outros dois casos ainda est\u00e3o sendo investigados.<\/p>\n<p>Apesar de dizer que o problema ficou restrito \u00e0 regi\u00e3o de Itabuna, usu\u00e1rios da operadora do sudoeste do estado tamb\u00e9m reclamaram da falta de sinal da Oi. Vit\u00f3ria da Conquista, Itapetinga e outras cidades do sudoeste tamb\u00e9m foram atingidas pelo &#8216;apag\u00e3o&#8217; da Oi.<\/p>\n<p>Segundo a Oi, equipes t\u00e9cnicas foram deslocadas para restabelecer os servi\u00e7os afetados, mas ainda n\u00e3o foi indicada uma previs\u00e3o para que a situa\u00e7\u00e3o seja normalizada.<\/p>\n<p><em>Blog Sudoeste Hoje<\/em><\/p>\n","protected":false},"excerpt":{"rendered":"<p>O rompimento de cabos de fibra \u00f3tica no interior deixou parte do estado sem sinal telefonia fixa, m\u00f3vel e banda larga da operadora Oi nesta ter\u00e7a-feira (3). De acordo com a assessoria da empresa, a regi\u00e3o de Itabuna foi afetada pelo problema. O rompimento aconteceu em tr\u00eas pontos. Ainda de acordo com informa\u00e7\u00f5es da assessoria [&hellip;]<\/p>\n","protected":false},"author":2,"featured_media":0,"comment_status":"open","ping_status":"open","sticky":false,"template":"","format":"standard","meta":{"footnotes":"","_links_to":"","_links_to_target":""},"categories":[1],"tags":[],"class_list":["post-30193","post","type-post","status-publish","format-standard","hentry","category-geral"],"views":1383,"_links":{"self":[{"href":"https:\/\/www.sudoestehoje.com.br\/novoportal\/wp-json\/wp\/v2\/posts\/30193","targetHints":{"allow":["GET"]}}],"collection":[{"href":"https:\/\/www.sudoestehoje.com.br\/novoportal\/wp-json\/wp\/v2\/posts"}],"about":[{"href":"https:\/\/www.sudoestehoje.com.br\/novoportal\/wp-json\/wp\/v2\/types\/post"}],"author":[{"embeddable":true,"href":"https:\/\/www.sudoestehoje.com.br\/novoportal\/wp-json\/wp\/v2\/users\/2"}],"replies":[{"embeddable":true,"href":"https:\/\/www.sudoestehoje.com.br\/novoportal\/wp-json\/wp\/v2\/comments?post=30193"}],"version-history":[{"count":1,"href":"https:\/\/www.sudoestehoje.com.br\/novoportal\/wp-json\/wp\/v2\/posts\/30193\/revisions"}],"predecessor-version":[{"id":30195,"href":"https:\/\/www.sudoestehoje.com.br\/novoportal\/wp-json\/wp\/v2\/posts\/30193\/revisions\/30195"}],"wp:attachment":[{"href":"https:\/\/www.sudoestehoje.com.br\/novoportal\/wp-json\/wp\/v2\/media?parent=30193"}],"wp:term":[{"taxonomy":"category","embeddable":true,"href":"https:\/\/www.sudoestehoje.com.br\/novoportal\/wp-json\/wp\/v2\/categories?post=30193"},{"taxonomy":"post_tag","embeddable":true,"href":"https:\/\/www.sudoestehoje.com.br\/novoportal\/wp-json\/wp\/v2\/tags?post=30193"}],"curies":[{"name":"wp","href":"https:\/\/api.w.org\/{rel}","templated":true}]}}