
{"id":30187,"date":"2013-09-03T19:29:04","date_gmt":"2013-09-03T22:29:04","guid":{"rendered":"http:\/\/www.sudoestehoje.com.br\/novoportal\/?p=30187"},"modified":"2013-09-03T19:29:04","modified_gmt":"2013-09-03T22:29:04","slug":"dia-da-patria-pode-ser-de-guerra","status":"publish","type":"post","link":"https:\/\/www.sudoestehoje.com.br\/novoportal\/2013\/09\/03\/dia-da-patria-pode-ser-de-guerra\/","title":{"rendered":"DIA DA P\u00c1TRIA PODE SER DE GUERRA"},"content":{"rendered":"<p><a href=\"http:\/\/www.sudoestehoje.com.br\/novoportal\/wp-content\/uploads\/2013\/09\/planalto-em-alerta.jpg\"><img loading=\"lazy\" decoding=\"async\" class=\"aligncenter size-medium wp-image-30188\" alt=\"planalto em alerta\" src=\"http:\/\/www.sudoestehoje.com.br\/novoportal\/wp-content\/uploads\/2013\/09\/planalto-em-alerta-500x178.jpg\" width=\"500\" height=\"178\" srcset=\"https:\/\/www.sudoestehoje.com.br\/novoportal\/wp-content\/uploads\/2013\/09\/planalto-em-alerta-500x178.jpg 500w, https:\/\/www.sudoestehoje.com.br\/novoportal\/wp-content\/uploads\/2013\/09\/planalto-em-alerta-700x249.jpg 700w, https:\/\/www.sudoestehoje.com.br\/novoportal\/wp-content\/uploads\/2013\/09\/planalto-em-alerta.jpg 960w\" sizes=\"auto, (max-width: 500px) 100vw, 500px\" \/><\/a><\/p>\n<p>Presid\u00eancia da Rep\u00fablica recebe informes das \u00e1reas de seguran\u00e7a que preveem hostilidades entre grupos como o dos Anonymous e o dos Black Blocs contra militantes do PT que sa\u00edrem \u00e0s ruas. Dirigente petista Valter Pomar convoca milit\u00e2ncia para dar resposta &#8220;forte e clara&#8221; aos protestos organizados por &#8220;direitistas em geral&#8221;. Planalto monta esquema especial de seguran\u00e7a. Vai adiantar?<\/p>\n<p><a href=\"http:\/\/brasil247.com\/+rdamm\" target=\"_blank\" rel=\"nofollow nofollow\">http:\/\/brasil247.com\/+rdamm<\/a><\/p>\n","protected":false},"excerpt":{"rendered":"<p>Presid\u00eancia da Rep\u00fablica recebe informes das \u00e1reas de seguran\u00e7a que preveem hostilidades entre grupos como o dos Anonymous e o dos Black Blocs contra militantes do PT que sa\u00edrem \u00e0s ruas. Dirigente petista Valter Pomar convoca milit\u00e2ncia para dar resposta &#8220;forte e clara&#8221; aos protestos organizados por &#8220;direitistas em geral&#8221;. Planalto monta esquema especial de [&hellip;]<\/p>\n","protected":false},"author":2,"featured_media":0,"comment_status":"open","ping_status":"open","sticky":false,"template":"","format":"standard","meta":{"footnotes":"","_links_to":"","_links_to_target":""},"categories":[1],"tags":[],"class_list":["post-30187","post","type-post","status-publish","format-standard","hentry","category-geral"],"views":1619,"_links":{"self":[{"href":"https:\/\/www.sudoestehoje.com.br\/novoportal\/wp-json\/wp\/v2\/posts\/30187","targetHints":{"allow":["GET"]}}],"collection":[{"href":"https:\/\/www.sudoestehoje.com.br\/novoportal\/wp-json\/wp\/v2\/posts"}],"about":[{"href":"https:\/\/www.sudoestehoje.com.br\/novoportal\/wp-json\/wp\/v2\/types\/post"}],"author":[{"embeddable":true,"href":"https:\/\/www.sudoestehoje.com.br\/novoportal\/wp-json\/wp\/v2\/users\/2"}],"replies":[{"embeddable":true,"href":"https:\/\/www.sudoestehoje.com.br\/novoportal\/wp-json\/wp\/v2\/comments?post=30187"}],"version-history":[{"count":1,"href":"https:\/\/www.sudoestehoje.com.br\/novoportal\/wp-json\/wp\/v2\/posts\/30187\/revisions"}],"predecessor-version":[{"id":30189,"href":"https:\/\/www.sudoestehoje.com.br\/novoportal\/wp-json\/wp\/v2\/posts\/30187\/revisions\/30189"}],"wp:attachment":[{"href":"https:\/\/www.sudoestehoje.com.br\/novoportal\/wp-json\/wp\/v2\/media?parent=30187"}],"wp:term":[{"taxonomy":"category","embeddable":true,"href":"https:\/\/www.sudoestehoje.com.br\/novoportal\/wp-json\/wp\/v2\/categories?post=30187"},{"taxonomy":"post_tag","embeddable":true,"href":"https:\/\/www.sudoestehoje.com.br\/novoportal\/wp-json\/wp\/v2\/tags?post=30187"}],"curies":[{"name":"wp","href":"https:\/\/api.w.org\/{rel}","templated":true}]}}