
{"id":30171,"date":"2013-09-02T22:45:11","date_gmt":"2013-09-03T01:45:11","guid":{"rendered":"http:\/\/www.sudoestehoje.com.br\/novoportal\/?p=30171"},"modified":"2013-09-02T22:56:05","modified_gmt":"2013-09-03T01:56:05","slug":"polo-das-faculdades-montenegro-e-implantado-em-itarantim","status":"publish","type":"post","link":"https:\/\/www.sudoestehoje.com.br\/novoportal\/2013\/09\/02\/polo-das-faculdades-montenegro-e-implantado-em-itarantim\/","title":{"rendered":"P\u00d3LO DAS FACULDADES MONTENEGRO \u00c9 IMPLANTADO EM ITARANTIM"},"content":{"rendered":"<p><a href=\"http:\/\/www.sudoestehoje.com.br\/novoportal\/wp-content\/uploads\/2013\/09\/faculd.jpg\"><img loading=\"lazy\" decoding=\"async\" class=\"aligncenter size-medium wp-image-30172\" alt=\"faculd\" src=\"http:\/\/www.sudoestehoje.com.br\/novoportal\/wp-content\/uploads\/2013\/09\/faculd-500x334.jpg\" width=\"500\" height=\"334\" srcset=\"https:\/\/www.sudoestehoje.com.br\/novoportal\/wp-content\/uploads\/2013\/09\/faculd-500x334.jpg 500w, https:\/\/www.sudoestehoje.com.br\/novoportal\/wp-content\/uploads\/2013\/09\/faculd-700x468.jpg 700w, https:\/\/www.sudoestehoje.com.br\/novoportal\/wp-content\/uploads\/2013\/09\/faculd.jpg 1600w\" sizes=\"auto, (max-width: 500px) 100vw, 500px\" \/><\/a><\/p>\n<p>Na noite da \u00faltima sexta fera, dia 30, aconteceu no audit\u00f3rio da Prefeitura Municipal a aula inaugural do P\u00f3lo das Faculdades Montenegro. Numa cerim\u00f4nia bastante concorrida, reuniram-se alunos, autoridades, convidados e representantes das Faculdades Montenegro, para dar in\u00edcios as atividades dos Cursos de Extens\u00e3o Universit\u00e1ria.<\/p>\n<p>A instala\u00e7\u00e3o do p\u00f3lo no munic\u00edpio de Itarantim, representa oportunidades de forma\u00e7\u00e3o para todos aqueles que acreditam no poder da educa\u00e7\u00e3o. A noite foi de muita expectativa e percebia-se no olhar de cada aluno o desejo da busca de novos conhecimentos, que com certeza se concretizar\u00e1, ao longo dos tr\u00eas anos de dura\u00e7\u00e3o dos cursos.<\/p>\n<p><a href=\"http:\/\/www.sudoestehoje.com.br\/novoportal\/wp-content\/uploads\/2013\/09\/faculd-2.jpg\"><img loading=\"lazy\" decoding=\"async\" class=\"aligncenter size-medium wp-image-30173\" alt=\"faculd 2\" src=\"http:\/\/www.sudoestehoje.com.br\/novoportal\/wp-content\/uploads\/2013\/09\/faculd-2-500x334.jpg\" width=\"500\" height=\"334\" srcset=\"https:\/\/www.sudoestehoje.com.br\/novoportal\/wp-content\/uploads\/2013\/09\/faculd-2-500x334.jpg 500w, https:\/\/www.sudoestehoje.com.br\/novoportal\/wp-content\/uploads\/2013\/09\/faculd-2-700x468.jpg 700w, https:\/\/www.sudoestehoje.com.br\/novoportal\/wp-content\/uploads\/2013\/09\/faculd-2.jpg 1600w\" sizes=\"auto, (max-width: 500px) 100vw, 500px\" \/><\/a><\/p>\n<p>Presente na cerim\u00f4nia, o prefeito Paulo Fernandes destacou, emocionado: \u201caqui estamos dando a nossa contribui\u00e7\u00e3o, pois Itarantim \u00e9 merecedora. O que me chama a aten\u00e7\u00e3o \u00e9 que aqui temos um p\u00fablico diversificado e temos diversos profissionais que j\u00e1 deram a sua contribui\u00e7\u00e3o ao servi\u00e7o p\u00fablico da nossa cidade e que hoje voltam \u00e0s salas de aula em busca de novos conhecimentos\u201d. O prefeito se colocou mais uma vez \u00e1 disposi\u00e7\u00e3o da Faculdade para que esses tr\u00eas anos sejam repletos de muitas realiza\u00e7\u00f5es.\u00a0Informa\u00e7\u00f5es do <em>Itarantim Agora\u00a0<\/em><\/p>\n<p>&nbsp;<\/p>\n","protected":false},"excerpt":{"rendered":"<p>Na noite da \u00faltima sexta fera, dia 30, aconteceu no audit\u00f3rio da Prefeitura Municipal a aula inaugural do P\u00f3lo das Faculdades Montenegro. Numa cerim\u00f4nia bastante concorrida, reuniram-se alunos, autoridades, convidados e representantes das Faculdades Montenegro, para dar in\u00edcios as atividades dos Cursos de Extens\u00e3o Universit\u00e1ria. A instala\u00e7\u00e3o do p\u00f3lo no munic\u00edpio de Itarantim, representa oportunidades [&hellip;]<\/p>\n","protected":false},"author":2,"featured_media":0,"comment_status":"open","ping_status":"open","sticky":false,"template":"","format":"standard","meta":{"footnotes":"","_links_to":"","_links_to_target":""},"categories":[1],"tags":[],"class_list":["post-30171","post","type-post","status-publish","format-standard","hentry","category-geral"],"views":4775,"_links":{"self":[{"href":"https:\/\/www.sudoestehoje.com.br\/novoportal\/wp-json\/wp\/v2\/posts\/30171","targetHints":{"allow":["GET"]}}],"collection":[{"href":"https:\/\/www.sudoestehoje.com.br\/novoportal\/wp-json\/wp\/v2\/posts"}],"about":[{"href":"https:\/\/www.sudoestehoje.com.br\/novoportal\/wp-json\/wp\/v2\/types\/post"}],"author":[{"embeddable":true,"href":"https:\/\/www.sudoestehoje.com.br\/novoportal\/wp-json\/wp\/v2\/users\/2"}],"replies":[{"embeddable":true,"href":"https:\/\/www.sudoestehoje.com.br\/novoportal\/wp-json\/wp\/v2\/comments?post=30171"}],"version-history":[{"count":3,"href":"https:\/\/www.sudoestehoje.com.br\/novoportal\/wp-json\/wp\/v2\/posts\/30171\/revisions"}],"predecessor-version":[{"id":30176,"href":"https:\/\/www.sudoestehoje.com.br\/novoportal\/wp-json\/wp\/v2\/posts\/30171\/revisions\/30176"}],"wp:attachment":[{"href":"https:\/\/www.sudoestehoje.com.br\/novoportal\/wp-json\/wp\/v2\/media?parent=30171"}],"wp:term":[{"taxonomy":"category","embeddable":true,"href":"https:\/\/www.sudoestehoje.com.br\/novoportal\/wp-json\/wp\/v2\/categories?post=30171"},{"taxonomy":"post_tag","embeddable":true,"href":"https:\/\/www.sudoestehoje.com.br\/novoportal\/wp-json\/wp\/v2\/tags?post=30171"}],"curies":[{"name":"wp","href":"https:\/\/api.w.org\/{rel}","templated":true}]}}