
{"id":30166,"date":"2013-09-02T22:13:00","date_gmt":"2013-09-03T01:13:00","guid":{"rendered":"http:\/\/www.sudoestehoje.com.br\/novoportal\/?p=30166"},"modified":"2013-09-02T22:13:00","modified_gmt":"2013-09-03T01:13:00","slug":"marco-brito-adquire-duas-novas-ambulancias-para-atender-populacao","status":"publish","type":"post","link":"https:\/\/www.sudoestehoje.com.br\/novoportal\/2013\/09\/02\/marco-brito-adquire-duas-novas-ambulancias-para-atender-populacao\/","title":{"rendered":"MARCO BRITO ADQUIRE DUAS NOVAS AMBUL\u00c2NCIAS PARA ATENDER POPULA\u00c7\u00c3O"},"content":{"rendered":"<p><a href=\"http:\/\/www.sudoestehoje.com.br\/novoportal\/wp-content\/uploads\/2013\/09\/AMBUL.jpg\"><img loading=\"lazy\" decoding=\"async\" class=\"aligncenter size-medium wp-image-30168\" alt=\"AMBUL\" src=\"http:\/\/www.sudoestehoje.com.br\/novoportal\/wp-content\/uploads\/2013\/09\/AMBUL-500x257.jpg\" width=\"500\" height=\"257\" srcset=\"https:\/\/www.sudoestehoje.com.br\/novoportal\/wp-content\/uploads\/2013\/09\/AMBUL-500x257.jpg 500w, https:\/\/www.sudoestehoje.com.br\/novoportal\/wp-content\/uploads\/2013\/09\/AMBUL-700x360.jpg 700w, https:\/\/www.sudoestehoje.com.br\/novoportal\/wp-content\/uploads\/2013\/09\/AMBUL.jpg 960w\" sizes=\"auto, (max-width: 500px) 100vw, 500px\" \/><\/a><\/p>\n<p>ITOROR\u00d3: O sistema de sa\u00fade de Itoror\u00f3 acaba de receber um importante refor\u00e7o. Duas novas ambul\u00e2ncias\u00a0ir\u00e3o auxiliar no atendimento \u00e0 pacientes em casos de urg\u00eancia e emerg\u00eancia, al\u00e9m de servirem como apoio em eventos realizados no munic\u00edpio.<\/p>\n<p>As ambul\u00e2ncias foram pagos com recursos pr\u00f3prios da Prefeitura Municipal de Itoror\u00f3. De acordo com o secret\u00e1rio da sa\u00fade, Marcelo Andrade, a compra dos ve\u00edculos \u00e9 fundamental para a sa\u00fade de Itoror\u00f3 e distritos. \u201cAs duas novas ambul\u00e2ncias significam uma melhora no atendimento aos pacientes e demonstram a preocupa\u00e7\u00e3o do prefeito Marco Brito em prover esse servi\u00e7o aos moradores\u201d, destaca.<\/p>\n<p>Os dois ve\u00edculos devem suprir as necessidades de Rio do Meio E Itati, al\u00e9m de toda a zona rural do munic\u00edpio, e com isso, o servi\u00e7o ser\u00e1 intensificado, como explica a secret\u00e1rio da sa\u00fade, Marcelo Andrade. \u201cAs ambul\u00e2ncias vieram em boa hora, oferecendo um transporte seguro e eficiente para a popula\u00e7\u00e3o\u201d, refor\u00e7a.<\/p>\n<p><em>Ascom<\/em><\/p>\n","protected":false},"excerpt":{"rendered":"<p>ITOROR\u00d3: O sistema de sa\u00fade de Itoror\u00f3 acaba de receber um importante refor\u00e7o. Duas novas ambul\u00e2ncias\u00a0ir\u00e3o auxiliar no atendimento \u00e0 pacientes em casos de urg\u00eancia e emerg\u00eancia, al\u00e9m de servirem como apoio em eventos realizados no munic\u00edpio. As ambul\u00e2ncias foram pagos com recursos pr\u00f3prios da Prefeitura Municipal de Itoror\u00f3. De acordo com o secret\u00e1rio da [&hellip;]<\/p>\n","protected":false},"author":2,"featured_media":0,"comment_status":"open","ping_status":"open","sticky":false,"template":"","format":"standard","meta":{"footnotes":"","_links_to":"","_links_to_target":""},"categories":[1],"tags":[],"class_list":["post-30166","post","type-post","status-publish","format-standard","hentry","category-geral"],"views":1255,"_links":{"self":[{"href":"https:\/\/www.sudoestehoje.com.br\/novoportal\/wp-json\/wp\/v2\/posts\/30166","targetHints":{"allow":["GET"]}}],"collection":[{"href":"https:\/\/www.sudoestehoje.com.br\/novoportal\/wp-json\/wp\/v2\/posts"}],"about":[{"href":"https:\/\/www.sudoestehoje.com.br\/novoportal\/wp-json\/wp\/v2\/types\/post"}],"author":[{"embeddable":true,"href":"https:\/\/www.sudoestehoje.com.br\/novoportal\/wp-json\/wp\/v2\/users\/2"}],"replies":[{"embeddable":true,"href":"https:\/\/www.sudoestehoje.com.br\/novoportal\/wp-json\/wp\/v2\/comments?post=30166"}],"version-history":[{"count":3,"href":"https:\/\/www.sudoestehoje.com.br\/novoportal\/wp-json\/wp\/v2\/posts\/30166\/revisions"}],"predecessor-version":[{"id":30170,"href":"https:\/\/www.sudoestehoje.com.br\/novoportal\/wp-json\/wp\/v2\/posts\/30166\/revisions\/30170"}],"wp:attachment":[{"href":"https:\/\/www.sudoestehoje.com.br\/novoportal\/wp-json\/wp\/v2\/media?parent=30166"}],"wp:term":[{"taxonomy":"category","embeddable":true,"href":"https:\/\/www.sudoestehoje.com.br\/novoportal\/wp-json\/wp\/v2\/categories?post=30166"},{"taxonomy":"post_tag","embeddable":true,"href":"https:\/\/www.sudoestehoje.com.br\/novoportal\/wp-json\/wp\/v2\/tags?post=30166"}],"curies":[{"name":"wp","href":"https:\/\/api.w.org\/{rel}","templated":true}]}}