
{"id":30162,"date":"2013-09-02T21:43:50","date_gmt":"2013-09-03T00:43:50","guid":{"rendered":"http:\/\/www.sudoestehoje.com.br\/novoportal\/?p=30162"},"modified":"2013-09-02T21:43:50","modified_gmt":"2013-09-03T00:43:50","slug":"cacamba-que-atropelou-e-matou-criancas-e-reformada-pela-prefeitura","status":"publish","type":"post","link":"https:\/\/www.sudoestehoje.com.br\/novoportal\/2013\/09\/02\/cacamba-que-atropelou-e-matou-criancas-e-reformada-pela-prefeitura\/","title":{"rendered":"CA\u00c7AMBA QUE ATROPELOU E MATOU CRIAN\u00c7AS \u00c9 REFORMADA PELA PREFEITURA"},"content":{"rendered":"<div>\n<div id=\"attachment_30163\" style=\"width: 510px\" class=\"wp-caption aligncenter\"><a href=\"http:\/\/www.sudoestehoje.com.br\/novoportal\/wp-content\/uploads\/2013\/09\/CA\u00c7AMBA-ASSASSINA.jpg\"><img loading=\"lazy\" decoding=\"async\" aria-describedby=\"caption-attachment-30163\" class=\"size-medium wp-image-30163\" alt=\"bbbbbb\" src=\"http:\/\/www.sudoestehoje.com.br\/novoportal\/wp-content\/uploads\/2013\/09\/CA\u00c7AMBA-ASSASSINA-500x375.jpg\" width=\"500\" height=\"375\" srcset=\"https:\/\/www.sudoestehoje.com.br\/novoportal\/wp-content\/uploads\/2013\/09\/CA\u00c7AMBA-ASSASSINA-500x375.jpg 500w, https:\/\/www.sudoestehoje.com.br\/novoportal\/wp-content\/uploads\/2013\/09\/CA\u00c7AMBA-ASSASSINA.jpg 640w\" sizes=\"auto, (max-width: 500px) 100vw, 500px\" \/><\/a><p id=\"caption-attachment-30163\" class=\"wp-caption-text\">&#8220;Ca\u00e7amba assassina&#8221; est\u00e1 sendo reformada com pe\u00e7as de caminh\u00f5es antigos da prefeitura<\/p><\/div>\n<\/div>\n<div>A ca\u00e7amba que provocou uma trag\u00e9dia no dia 1\u00bade agosto, atropelando quatro crian\u00e7as, duas delas fatais, est\u00e1 sendo reformada e pintada no p\u00e1tio da Secretaria de Transporte de Itapetinga, \u00e0s custas do er\u00e1rio p\u00fablico. O ve\u00edculo havia sido totalmente depredado por populares, no dia do tr\u00e1gico acidente. A &#8216;ca\u00e7amba assassina&#8217; ganhar\u00e1 as ruas e continuar\u00e1 prestando os mesmos servi\u00e7os que fazia anteriormente para a prefeitura de Itapetinga, depois da reforma.\u00a0Segundo informa\u00e7\u00f5es, o veiculo continua alugado at\u00e9 o final de dezembro, apesar do ocorrido. Na reforma, pe\u00e7as e m\u00e3o de obra do munic\u00edpio est\u00e3o sendo utilizadas, mesmo o ve\u00edculo pertencendo a um particular. Informa\u00e7\u00f5es do G1Cidade.<\/div>\n","protected":false},"excerpt":{"rendered":"<p>A ca\u00e7amba que provocou uma trag\u00e9dia no dia 1\u00bade agosto, atropelando quatro crian\u00e7as, duas delas fatais, est\u00e1 sendo reformada e pintada no p\u00e1tio da Secretaria de Transporte de Itapetinga, \u00e0s custas do er\u00e1rio p\u00fablico. O ve\u00edculo havia sido totalmente depredado por populares, no dia do tr\u00e1gico acidente. A &#8216;ca\u00e7amba assassina&#8217; ganhar\u00e1 as ruas e continuar\u00e1 [&hellip;]<\/p>\n","protected":false},"author":2,"featured_media":0,"comment_status":"open","ping_status":"open","sticky":false,"template":"","format":"standard","meta":{"footnotes":"","_links_to":"","_links_to_target":""},"categories":[1],"tags":[],"class_list":["post-30162","post","type-post","status-publish","format-standard","hentry","category-geral"],"views":2195,"_links":{"self":[{"href":"https:\/\/www.sudoestehoje.com.br\/novoportal\/wp-json\/wp\/v2\/posts\/30162","targetHints":{"allow":["GET"]}}],"collection":[{"href":"https:\/\/www.sudoestehoje.com.br\/novoportal\/wp-json\/wp\/v2\/posts"}],"about":[{"href":"https:\/\/www.sudoestehoje.com.br\/novoportal\/wp-json\/wp\/v2\/types\/post"}],"author":[{"embeddable":true,"href":"https:\/\/www.sudoestehoje.com.br\/novoportal\/wp-json\/wp\/v2\/users\/2"}],"replies":[{"embeddable":true,"href":"https:\/\/www.sudoestehoje.com.br\/novoportal\/wp-json\/wp\/v2\/comments?post=30162"}],"version-history":[{"count":2,"href":"https:\/\/www.sudoestehoje.com.br\/novoportal\/wp-json\/wp\/v2\/posts\/30162\/revisions"}],"predecessor-version":[{"id":30165,"href":"https:\/\/www.sudoestehoje.com.br\/novoportal\/wp-json\/wp\/v2\/posts\/30162\/revisions\/30165"}],"wp:attachment":[{"href":"https:\/\/www.sudoestehoje.com.br\/novoportal\/wp-json\/wp\/v2\/media?parent=30162"}],"wp:term":[{"taxonomy":"category","embeddable":true,"href":"https:\/\/www.sudoestehoje.com.br\/novoportal\/wp-json\/wp\/v2\/categories?post=30162"},{"taxonomy":"post_tag","embeddable":true,"href":"https:\/\/www.sudoestehoje.com.br\/novoportal\/wp-json\/wp\/v2\/tags?post=30162"}],"curies":[{"name":"wp","href":"https:\/\/api.w.org\/{rel}","templated":true}]}}