
{"id":30156,"date":"2013-09-02T20:37:20","date_gmt":"2013-09-02T23:37:20","guid":{"rendered":"http:\/\/www.sudoestehoje.com.br\/novoportal\/?p=30156"},"modified":"2013-09-02T20:37:20","modified_gmt":"2013-09-02T23:37:20","slug":"acm-neto-descarta-candidatura-a-governador-em-2014","status":"publish","type":"post","link":"https:\/\/www.sudoestehoje.com.br\/novoportal\/2013\/09\/02\/acm-neto-descarta-candidatura-a-governador-em-2014\/","title":{"rendered":"ACM NETO DESCARTA CANDIDATURA A GOVERNADOR EM 2014"},"content":{"rendered":"<div id=\"attachment_30157\" style=\"width: 510px\" class=\"wp-caption aligncenter\"><a href=\"http:\/\/www.sudoestehoje.com.br\/novoportal\/wp-content\/uploads\/2013\/09\/neto_varela.jpg\"><img decoding=\"async\" aria-describedby=\"caption-attachment-30157\" class=\" wp-image-30157 \" alt=\"XXXXX\" src=\"http:\/\/www.sudoestehoje.com.br\/novoportal\/wp-content\/uploads\/2013\/09\/neto_varela.jpg\" width=\"500\" \/><\/a><p id=\"caption-attachment-30157\" class=\"wp-caption-text\">&#8220;Nem que pesquisa bote 110% eu serei candidato&#8221;, afirmou ACM Neto, no Balan\u00e7o Geral<\/p><\/div>\n<p>Em entrevista ao Balan\u00e7o Geral da TV Record Bahia no fim da manh\u00e3 desta segunda-feira, o prefeito ACM Neto ressaltou a conquista do equil\u00edbrio nas contas da prefeitura e prometeu maiores investimentos ainda neste segundo semestre. Neto falou tamb\u00e9m sobre a sa\u00fade, o recadastramento de im\u00f3veis, infraestrutura urbana e elei\u00e7\u00f5es.<\/p>\n<p>O apresentador Raimundo Varela questionou ACM Neto sobre as pesquisas para a sucess\u00e3o estadual em 2014, que o apontam como favorito em todos os cen\u00e1rios. \u201cNem que a pesquisa bote 110% eu serei candidato\u201d, afirmou Neto, alegando que at\u00e9 abril de 2014, quando teria que se isentar da prefeitura para disputar o pleito, n\u00e3o daria tempo de cumprir as grandes obras e os grandes projetos que prometeu para Salvador. \u201cTenho um compromisso com a cidade e vou cumprir\u201d, garantiu Neto.<\/p>\n<p>Sobre alian\u00e7as, Neto desconversou: \u201cNeste momento eu n\u00e3o converso sobre pol\u00edtica. Minha vida est\u00e1 voltada para Salvador e os problemas de Salvador. Inclusive neste sentido tenho mantido uma boa rela\u00e7\u00e3o com o governador Jaques Wagner e a presidente Dilma Rousseff. O que eles puderem fazer para ajudar Salvador eu vou aplaudir, agradecer e reconhecer\u201d, finalizou o prefeito. Pol\u00edtica Livre<\/p>\n","protected":false},"excerpt":{"rendered":"<p>Em entrevista ao Balan\u00e7o Geral da TV Record Bahia no fim da manh\u00e3 desta segunda-feira, o prefeito ACM Neto ressaltou a conquista do equil\u00edbrio nas contas da prefeitura e prometeu maiores investimentos ainda neste segundo semestre. Neto falou tamb\u00e9m sobre a sa\u00fade, o recadastramento de im\u00f3veis, infraestrutura urbana e elei\u00e7\u00f5es. O apresentador Raimundo Varela questionou [&hellip;]<\/p>\n","protected":false},"author":2,"featured_media":0,"comment_status":"open","ping_status":"open","sticky":false,"template":"","format":"standard","meta":{"footnotes":"","_links_to":"","_links_to_target":""},"categories":[1],"tags":[],"class_list":["post-30156","post","type-post","status-publish","format-standard","hentry","category-geral"],"views":1281,"_links":{"self":[{"href":"https:\/\/www.sudoestehoje.com.br\/novoportal\/wp-json\/wp\/v2\/posts\/30156","targetHints":{"allow":["GET"]}}],"collection":[{"href":"https:\/\/www.sudoestehoje.com.br\/novoportal\/wp-json\/wp\/v2\/posts"}],"about":[{"href":"https:\/\/www.sudoestehoje.com.br\/novoportal\/wp-json\/wp\/v2\/types\/post"}],"author":[{"embeddable":true,"href":"https:\/\/www.sudoestehoje.com.br\/novoportal\/wp-json\/wp\/v2\/users\/2"}],"replies":[{"embeddable":true,"href":"https:\/\/www.sudoestehoje.com.br\/novoportal\/wp-json\/wp\/v2\/comments?post=30156"}],"version-history":[{"count":4,"href":"https:\/\/www.sudoestehoje.com.br\/novoportal\/wp-json\/wp\/v2\/posts\/30156\/revisions"}],"predecessor-version":[{"id":30161,"href":"https:\/\/www.sudoestehoje.com.br\/novoportal\/wp-json\/wp\/v2\/posts\/30156\/revisions\/30161"}],"wp:attachment":[{"href":"https:\/\/www.sudoestehoje.com.br\/novoportal\/wp-json\/wp\/v2\/media?parent=30156"}],"wp:term":[{"taxonomy":"category","embeddable":true,"href":"https:\/\/www.sudoestehoje.com.br\/novoportal\/wp-json\/wp\/v2\/categories?post=30156"},{"taxonomy":"post_tag","embeddable":true,"href":"https:\/\/www.sudoestehoje.com.br\/novoportal\/wp-json\/wp\/v2\/tags?post=30156"}],"curies":[{"name":"wp","href":"https:\/\/api.w.org\/{rel}","templated":true}]}}