
{"id":301,"date":"2010-08-20T08:51:31","date_gmt":"2010-08-20T11:51:31","guid":{"rendered":"http:\/\/sudoestehoje.tempsite.ws\/novoportal\/?p=301"},"modified":"2010-09-18T14:33:19","modified_gmt":"2010-09-18T17:33:19","slug":"roberto-santos-escreve-artigo-apoiando-reeleicao-de-wagner","status":"publish","type":"post","link":"https:\/\/www.sudoestehoje.com.br\/novoportal\/2010\/08\/20\/roberto-santos-escreve-artigo-apoiando-reeleicao-de-wagner\/","title":{"rendered":"ROBERTO SANTOS ESCREVE ARTIGO APOIANDO REELEI\u00c7\u00c3O DE WAGNER"},"content":{"rendered":"<div><a href=\"http:\/\/www.politicalivre.com.br\/wp-content\/uploads\/2010\/08\/Roberto-Santos.jpg\"><\/p>\n<div style=\"text-align: center;\"><img loading=\"lazy\" decoding=\"async\" title=\"Roberto Santos\" src=\"http:\/\/www.politicalivre.com.br\/wp-content\/uploads\/2010\/08\/Roberto-Santos-300x200.jpg\" border=\"0\" alt=\"\" width=\"300\" height=\"200\" \/><\/div>\n<p><\/a><\/p>\n<p style=\"text-align: center;\">Ex-governador afirmou que Wagner criou novo clima pol\u00edtico no estado<\/p>\n<p>O  ex-governador da Bahia Roberto Santos escreveu um artigo defendendo a  reelei\u00e7\u00e3o do governador Jaques Wagner (PT). Santos afirmou ter escrito o  artigo para responder a perguntas dos amigos sobre em quem ele iria  votar. \u201cRespondo que depositarei meu voto em favor de Jaques Wagner e  acrescento as raz\u00f5es para essa prefer\u00eancia. A primeira consiste no clima  pol\u00edtico por ele criado no atual Governo, caracterizado pelo apre\u00e7o e  respeito \u00e0s v\u00e1rias correntes de opini\u00e3o representativas da popula\u00e7\u00e3o  baiana. O governo Wagner tem valorizado obras p\u00fablicas que, embora  viessem prestando importantes servi\u00e7os aos baianos, foram menosprezadas e  maltratadas durante longo per\u00edodo de tempo. (\u2026) Felizmente, o clima  pol\u00edtico que prevalece, atualmente, em nosso Estado, j\u00e1 n\u00e3o permitiria  um absurdo como este. Os acontecimentos citados a t\u00edtulo de exemplos  fazem parte da hist\u00f3ria da Bahia nas d\u00e9cadas mais recentes e explicam a  minha escolha em favor da reelei\u00e7\u00e3o do Governador Jaques Wagner no  pr\u00f3ximo m\u00eas de Outubro\u201d, concluiu. Leia\u00a0<a href=\"http:\/\/www.politicalivre.com.br\/wp-content\/uploads\/2010\/08\/Artigo-Roberto-Santos.pdf\"><span style=\"color: #7d7d7d; font-size: x-small;\">aqui<\/span><\/a> o artigo do ex-governador na \u00edntegra.<\/p>\n<\/div>\n","protected":false},"excerpt":{"rendered":"<p>Ex-governador afirmou que Wagner criou novo clima pol\u00edtico no estado O ex-governador da Bahia Roberto Santos escreveu um artigo defendendo a reelei\u00e7\u00e3o do governador Jaques Wagner (PT). Santos afirmou ter escrito o artigo para responder a perguntas dos amigos sobre em quem ele iria votar. \u201cRespondo que depositarei meu voto em favor de Jaques Wagner [&hellip;]<\/p>\n","protected":false},"author":1,"featured_media":0,"comment_status":"open","ping_status":"open","sticky":false,"template":"","format":"standard","meta":{"footnotes":"","_links_to":"","_links_to_target":""},"categories":[1],"tags":[],"class_list":["post-301","post","type-post","status-publish","format-standard","hentry","category-geral"],"views":1376,"_links":{"self":[{"href":"https:\/\/www.sudoestehoje.com.br\/novoportal\/wp-json\/wp\/v2\/posts\/301","targetHints":{"allow":["GET"]}}],"collection":[{"href":"https:\/\/www.sudoestehoje.com.br\/novoportal\/wp-json\/wp\/v2\/posts"}],"about":[{"href":"https:\/\/www.sudoestehoje.com.br\/novoportal\/wp-json\/wp\/v2\/types\/post"}],"author":[{"embeddable":true,"href":"https:\/\/www.sudoestehoje.com.br\/novoportal\/wp-json\/wp\/v2\/users\/1"}],"replies":[{"embeddable":true,"href":"https:\/\/www.sudoestehoje.com.br\/novoportal\/wp-json\/wp\/v2\/comments?post=301"}],"version-history":[{"count":1,"href":"https:\/\/www.sudoestehoje.com.br\/novoportal\/wp-json\/wp\/v2\/posts\/301\/revisions"}],"predecessor-version":[{"id":302,"href":"https:\/\/www.sudoestehoje.com.br\/novoportal\/wp-json\/wp\/v2\/posts\/301\/revisions\/302"}],"wp:attachment":[{"href":"https:\/\/www.sudoestehoje.com.br\/novoportal\/wp-json\/wp\/v2\/media?parent=301"}],"wp:term":[{"taxonomy":"category","embeddable":true,"href":"https:\/\/www.sudoestehoje.com.br\/novoportal\/wp-json\/wp\/v2\/categories?post=301"},{"taxonomy":"post_tag","embeddable":true,"href":"https:\/\/www.sudoestehoje.com.br\/novoportal\/wp-json\/wp\/v2\/tags?post=301"}],"curies":[{"name":"wp","href":"https:\/\/api.w.org\/{rel}","templated":true}]}}