
{"id":29975,"date":"2013-08-29T14:09:33","date_gmt":"2013-08-29T17:09:33","guid":{"rendered":"http:\/\/www.sudoestehoje.com.br\/novoportal\/?p=29975"},"modified":"2013-08-29T14:09:33","modified_gmt":"2013-08-29T17:09:33","slug":"daniel-almeida-afirma-estar-constrangido-e-envergonhado","status":"publish","type":"post","link":"https:\/\/www.sudoestehoje.com.br\/novoportal\/2013\/08\/29\/daniel-almeida-afirma-estar-constrangido-e-envergonhado\/","title":{"rendered":"DANIEL ALMEIDA AFIRMA ESTAR &#8220;CONSTRANGIDO E ENVERGONHADO&#8221;"},"content":{"rendered":"<div id=\"attachment_29977\" style=\"width: 510px\" class=\"wp-caption aligncenter\"><a href=\"http:\/\/www.sudoestehoje.com.br\/novoportal\/wp-content\/uploads\/2013\/08\/daniel_almeida_3.jpg\"><img loading=\"lazy\" decoding=\"async\" aria-describedby=\"caption-attachment-29977\" class=\"size-medium wp-image-29977\" alt=\"Deputado comunista vota pela cassa\u00e7\u00e3o de Donadon e defende fim do voto secreto\" src=\"http:\/\/www.sudoestehoje.com.br\/novoportal\/wp-content\/uploads\/2013\/08\/daniel_almeida_3-500x327.jpg\" width=\"500\" height=\"327\" srcset=\"https:\/\/www.sudoestehoje.com.br\/novoportal\/wp-content\/uploads\/2013\/08\/daniel_almeida_3-500x327.jpg 500w, https:\/\/www.sudoestehoje.com.br\/novoportal\/wp-content\/uploads\/2013\/08\/daniel_almeida_3.jpg 640w\" sizes=\"auto, (max-width: 500px) 100vw, 500px\" \/><\/a><p id=\"caption-attachment-29977\" class=\"wp-caption-text\">Deputado comunista vota pela cassa\u00e7\u00e3o de Donadon e defende fim do voto secreto<\/p><\/div>\n<p>O deputado federal Daniel Almeida (PCdoB-BA) aproveitou o resultado da vota\u00e7\u00e3o secreta no Plen\u00e1rio da C\u00e2mara, no final da tarde de ontem (28), que impediu a cassa\u00e7\u00e3o do deputado federal Natan Donadon, para defender o fim do voto secreto.<\/p>\n<p>Daniel afirmou que sente-se como a maioria dos brasileiros \u201cconstrangido e envergonhado\u201d com o resultado. Dos 513 deputados federais, apenas 233 deputados votaram pela cassa\u00e7\u00e3o, n\u00famero insuficiente para a perda do mandato, que exige ao menos 257 votos. <!--more--><\/p>\n<p>O parlamentar fez quest\u00e3o de declarar que votou \u00e0 favor da cassa\u00e7\u00e3o. \u201cVotei pela cassa\u00e7\u00e3o tanto na Comiss\u00e3o de Constitui\u00e7\u00e3o e Justi\u00e7a, onde o voto foi aberto, quanto no Plen\u00e1rio, onde o voto foi secreto\u201d, declarou Daniel.<\/p>\n<p>Integrante da Frente Parlamentar em defesa do Voto Aberto, o deputado Daniel aproveitou para pedir que a mesa diretora da C\u00e2mara, ponha em vota\u00e7\u00e3o a Proposta de Emenda \u00e0 Constitui\u00e7\u00e3o (PEC) que acaba com o voto secreto nas vota\u00e7\u00f5es em plen\u00e1rio para perda de mandato de deputados e senadores. \u201cA decis\u00e3o \u00e9 urgente. N\u00e3o tem por que evitar o fim do voto secreto\u201d, afirmou.<\/p>\n<p>Em junho passado a PEC foi aprovada na CCJ. A mat\u00e9ria ainda precisa passar por comiss\u00e3o especial antes de seguir para o plen\u00e1rio. A expectativa do deputado baiano \u00e9 que a proposta entre na pauta de vota\u00e7\u00e3o, na pr\u00f3xima semana.<\/p>\n<p><em>Ascom<\/em><\/p>\n","protected":false},"excerpt":{"rendered":"<p>O deputado federal Daniel Almeida (PCdoB-BA) aproveitou o resultado da vota\u00e7\u00e3o secreta no Plen\u00e1rio da C\u00e2mara, no final da tarde de ontem (28), que impediu a cassa\u00e7\u00e3o do deputado federal Natan Donadon, para defender o fim do voto secreto. Daniel afirmou que sente-se como a maioria dos brasileiros \u201cconstrangido e envergonhado\u201d com o resultado. Dos [&hellip;]<\/p>\n","protected":false},"author":2,"featured_media":0,"comment_status":"open","ping_status":"open","sticky":false,"template":"","format":"standard","meta":{"footnotes":"","_links_to":"","_links_to_target":""},"categories":[1],"tags":[],"class_list":["post-29975","post","type-post","status-publish","format-standard","hentry","category-geral"],"views":1377,"_links":{"self":[{"href":"https:\/\/www.sudoestehoje.com.br\/novoportal\/wp-json\/wp\/v2\/posts\/29975","targetHints":{"allow":["GET"]}}],"collection":[{"href":"https:\/\/www.sudoestehoje.com.br\/novoportal\/wp-json\/wp\/v2\/posts"}],"about":[{"href":"https:\/\/www.sudoestehoje.com.br\/novoportal\/wp-json\/wp\/v2\/types\/post"}],"author":[{"embeddable":true,"href":"https:\/\/www.sudoestehoje.com.br\/novoportal\/wp-json\/wp\/v2\/users\/2"}],"replies":[{"embeddable":true,"href":"https:\/\/www.sudoestehoje.com.br\/novoportal\/wp-json\/wp\/v2\/comments?post=29975"}],"version-history":[{"count":4,"href":"https:\/\/www.sudoestehoje.com.br\/novoportal\/wp-json\/wp\/v2\/posts\/29975\/revisions"}],"predecessor-version":[{"id":29980,"href":"https:\/\/www.sudoestehoje.com.br\/novoportal\/wp-json\/wp\/v2\/posts\/29975\/revisions\/29980"}],"wp:attachment":[{"href":"https:\/\/www.sudoestehoje.com.br\/novoportal\/wp-json\/wp\/v2\/media?parent=29975"}],"wp:term":[{"taxonomy":"category","embeddable":true,"href":"https:\/\/www.sudoestehoje.com.br\/novoportal\/wp-json\/wp\/v2\/categories?post=29975"},{"taxonomy":"post_tag","embeddable":true,"href":"https:\/\/www.sudoestehoje.com.br\/novoportal\/wp-json\/wp\/v2\/tags?post=29975"}],"curies":[{"name":"wp","href":"https:\/\/api.w.org\/{rel}","templated":true}]}}