
{"id":29954,"date":"2013-08-28T22:42:35","date_gmt":"2013-08-29T01:42:35","guid":{"rendered":"http:\/\/www.sudoestehoje.com.br\/novoportal\/?p=29954"},"modified":"2013-08-28T22:42:35","modified_gmt":"2013-08-29T01:42:35","slug":"sandro-regis-critica-gastos-com-propaganda-e-passeios-de-helicoptero-de-wagner","status":"publish","type":"post","link":"https:\/\/www.sudoestehoje.com.br\/novoportal\/2013\/08\/28\/sandro-regis-critica-gastos-com-propaganda-e-passeios-de-helicoptero-de-wagner\/","title":{"rendered":"SANDRO R\u00c9GIS CRITICA GASTOS COM PROPAGANDA E &#8220;PASSEIOS&#8221; DE HELIC\u00d3PTERO DE WAGNER"},"content":{"rendered":"<div id=\"attachment_29956\" style=\"width: 510px\" class=\"wp-caption aligncenter\"><a href=\"http:\/\/www.sudoestehoje.com.br\/novoportal\/wp-content\/uploads\/2013\/08\/sandro-regis-1.jpg\"><img loading=\"lazy\" decoding=\"async\" aria-describedby=\"caption-attachment-29956\" class=\"size-medium wp-image-29956\" alt=\"\u201cEnquanto o interior est\u00e1 abandonado, o governador gasta com propaganda e passeio de helic\u00f3ptero\u201d, diz Regis\" src=\"http:\/\/www.sudoestehoje.com.br\/novoportal\/wp-content\/uploads\/2013\/08\/sandro-regis-1-500x333.jpg\" width=\"500\" height=\"333\" srcset=\"https:\/\/www.sudoestehoje.com.br\/novoportal\/wp-content\/uploads\/2013\/08\/sandro-regis-1-500x333.jpg 500w, https:\/\/www.sudoestehoje.com.br\/novoportal\/wp-content\/uploads\/2013\/08\/sandro-regis-1.jpg 600w\" sizes=\"auto, (max-width: 500px) 100vw, 500px\" \/><\/a><p id=\"caption-attachment-29956\" class=\"wp-caption-text\">\u201cEnquanto o interior est\u00e1 abandonado, o governador gasta com propaganda e passeio de helic\u00f3ptero\u201d, diz Regis<\/p><\/div>\n<p id=\"yui_3_7_2_1_1377733492387_4780\">Na sess\u00e3o plen\u00e1ria desta ter\u00e7a-feira (27), o l\u00edder da minoria na Assembleia Legislativa, deputado Sandro R\u00e9gis, falou sobre a situa\u00e7\u00e3o de abandono na qual se encontram os munic\u00edpios no interior do Estado. \u201cO governo acabou. Voc\u00ea n\u00e3o v\u00ea a\u00e7\u00f5es do governo em nenhum canto do Estado\u201d, afirmou o parlamentar.<\/p>\n<p id=\"yui_3_7_2_1_1377733492387_4782\">R\u00e9gis destacou, sobretudo, o caos na sa\u00fade e na seguran\u00e7a. De acordo com o parlamentar, os hospitais regionais s\u00e3o piores que pres\u00eddios, as pessoas morrem nos corredores, as filas s\u00e3o intermin\u00e1veis e faltam materiais b\u00e1sicos como \u00e1gua oxigenada. Quando o assunto \u00e9 seguran\u00e7a p\u00fablica, a situa\u00e7\u00e3o n\u00e3o \u00e9 diferente, disse o deputado, apontando os in\u00fameros casos de seq\u00fcestro e roubo a banco que acontecem diariamente no interior do Estado.<\/p>\n<p id=\"yui_3_7_2_1_1377733492387_4784\">\u201cEnquanto isso,\u00a0 vemos o governo gastar milh\u00f5es em\u00a0<i id=\"yui_3_7_2_1_1377733492387_4793\">outdoors\u00a0<\/i>em toda a Bahia. Quando li na imprensa o corte do or\u00e7amento anunciado pelo governador, pensei que o governo iria realmente cortar para investir. O governo cortou tudo, menos a propaganda e os gastos com o helic\u00f3ptero oficial\u201d, declarou.<\/p>\n<p id=\"yui_3_7_2_1_1377733492387_4786\">O deputado Luciano Sim\u00f5es endossou o discurso de R\u00e9gis, afirmando que \u201co Governo na Bahia anda na contram\u00e3o da hist\u00f3ria. O discurso\u00a0 apregoa o crescimento, mas a pr\u00e1tica \u00e9 totalmente\u00a0 diferente\u201d. O deputado Leur Lomanto J\u00fanior concordou com as cr\u00edticas e refor\u00e7ou: \u201cenquanto isso, o governador gastou quase R$ 7 milh\u00f5es passeando de helic\u00f3ptero\u201d.<\/p>\n<p id=\"yui_3_7_2_1_1377733492387_4787\">Fonte: ASCOM deputado Sandro R\u00e9gis<\/p>\n","protected":false},"excerpt":{"rendered":"<p>Na sess\u00e3o plen\u00e1ria desta ter\u00e7a-feira (27), o l\u00edder da minoria na Assembleia Legislativa, deputado Sandro R\u00e9gis, falou sobre a situa\u00e7\u00e3o de abandono na qual se encontram os munic\u00edpios no interior do Estado. \u201cO governo acabou. Voc\u00ea n\u00e3o v\u00ea a\u00e7\u00f5es do governo em nenhum canto do Estado\u201d, afirmou o parlamentar. R\u00e9gis destacou, sobretudo, o caos na [&hellip;]<\/p>\n","protected":false},"author":2,"featured_media":0,"comment_status":"open","ping_status":"open","sticky":false,"template":"","format":"standard","meta":{"footnotes":"","_links_to":"","_links_to_target":""},"categories":[1],"tags":[],"class_list":["post-29954","post","type-post","status-publish","format-standard","hentry","category-geral"],"views":1124,"_links":{"self":[{"href":"https:\/\/www.sudoestehoje.com.br\/novoportal\/wp-json\/wp\/v2\/posts\/29954","targetHints":{"allow":["GET"]}}],"collection":[{"href":"https:\/\/www.sudoestehoje.com.br\/novoportal\/wp-json\/wp\/v2\/posts"}],"about":[{"href":"https:\/\/www.sudoestehoje.com.br\/novoportal\/wp-json\/wp\/v2\/types\/post"}],"author":[{"embeddable":true,"href":"https:\/\/www.sudoestehoje.com.br\/novoportal\/wp-json\/wp\/v2\/users\/2"}],"replies":[{"embeddable":true,"href":"https:\/\/www.sudoestehoje.com.br\/novoportal\/wp-json\/wp\/v2\/comments?post=29954"}],"version-history":[{"count":4,"href":"https:\/\/www.sudoestehoje.com.br\/novoportal\/wp-json\/wp\/v2\/posts\/29954\/revisions"}],"predecessor-version":[{"id":29959,"href":"https:\/\/www.sudoestehoje.com.br\/novoportal\/wp-json\/wp\/v2\/posts\/29954\/revisions\/29959"}],"wp:attachment":[{"href":"https:\/\/www.sudoestehoje.com.br\/novoportal\/wp-json\/wp\/v2\/media?parent=29954"}],"wp:term":[{"taxonomy":"category","embeddable":true,"href":"https:\/\/www.sudoestehoje.com.br\/novoportal\/wp-json\/wp\/v2\/categories?post=29954"},{"taxonomy":"post_tag","embeddable":true,"href":"https:\/\/www.sudoestehoje.com.br\/novoportal\/wp-json\/wp\/v2\/tags?post=29954"}],"curies":[{"name":"wp","href":"https:\/\/api.w.org\/{rel}","templated":true}]}}