
{"id":29938,"date":"2013-08-28T20:43:06","date_gmt":"2013-08-28T23:43:06","guid":{"rendered":"http:\/\/www.sudoestehoje.com.br\/novoportal\/?p=29938"},"modified":"2013-08-28T20:43:06","modified_gmt":"2013-08-28T23:43:06","slug":"queimada-causa-apagao-no-nordeste","status":"publish","type":"post","link":"https:\/\/www.sudoestehoje.com.br\/novoportal\/2013\/08\/28\/queimada-causa-apagao-no-nordeste\/","title":{"rendered":"QUEIMADA CAUSA APAG\u00c3O NO NORDESTE"},"content":{"rendered":"<div id=\"attachment_29939\" style=\"width: 510px\" class=\"wp-caption aligncenter\"><a href=\"http:\/\/www.sudoestehoje.com.br\/novoportal\/wp-content\/uploads\/2013\/08\/Inc\u00eandio.jpg\"><img loading=\"lazy\" decoding=\"async\" aria-describedby=\"caption-attachment-29939\" class=\"size-medium wp-image-29939\" alt=\"Segundo o Governo Federal, uma grande queimada no Piau\u00ed danificou as redes de distribui\u00e7\u00e3o de energia, causando o apag\u00e3o em toda a regi\u00e3o.\" src=\"http:\/\/www.sudoestehoje.com.br\/novoportal\/wp-content\/uploads\/2013\/08\/Inc\u00eandio-500x327.jpg\" width=\"500\" height=\"327\" srcset=\"https:\/\/www.sudoestehoje.com.br\/novoportal\/wp-content\/uploads\/2013\/08\/Inc\u00eandio-500x327.jpg 500w, https:\/\/www.sudoestehoje.com.br\/novoportal\/wp-content\/uploads\/2013\/08\/Inc\u00eandio.jpg 550w\" sizes=\"auto, (max-width: 500px) 100vw, 500px\" \/><\/a><p id=\"caption-attachment-29939\" class=\"wp-caption-text\">Segundo o Governo Federal, uma grande queimada no Piau\u00ed danificou duas redes de distribui\u00e7\u00e3o de energia, causando o apag\u00e3o em toda a regi\u00e3o.<\/p><\/div>\n<p>O superintendente de Opera\u00e7\u00e3o da Companhia Hidro El\u00e9trica do S\u00e3o Francisco (Chesf), Jo\u00e3o Henrique Franklin, informou ao\u00a0<strong>G1<\/strong>\u00a0que houve uma queda de energia no Nordeste. Foi registrada falta de energia no Piau\u00ed, Para\u00edba, Alagoas, Maranh\u00e3o, Cear\u00e1, Sergipe, Bahia, Pernambuco e Rio Grande do Norte. O problema foi observado por volta das 15h desta quarta-feira (28).<\/p>\n<p>Na Bahia, o caos se instalou em todas as regi\u00f5es, inclusive na capital do Estado, onde a tr\u00e2nsito travou, devido ao desligamento dos sem\u00e1foros. Na regi\u00e3o do Iguatemi, o cora\u00e7\u00e3o de Salvador, agentes de tr\u00e2nsito atuaram, na v\u00e3 tentativa de colocar ordem no tr\u00e2nsito ca\u00f3tico.<\/p>\n<p>Em Itapetinga, o apag\u00e3o se estendeu at\u00e9 \u00e0s 20h, quando todos os estabelecimentos comerciais, inclusive farm\u00e1cias, padarias e supermercados, j\u00e1 haviam fechado as suas portas, por falta de energia. Apenas um supermercado que disp\u00f5e de gerador pr\u00f3prio, funcionou normalmente, at\u00e9 \u00e0s 20h.<\/p>\n<p><strong><em>Da Reda\u00e7\u00e3o<\/em><\/strong><\/p>\n","protected":false},"excerpt":{"rendered":"<p>O superintendente de Opera\u00e7\u00e3o da Companhia Hidro El\u00e9trica do S\u00e3o Francisco (Chesf), Jo\u00e3o Henrique Franklin, informou ao\u00a0G1\u00a0que houve uma queda de energia no Nordeste. Foi registrada falta de energia no Piau\u00ed, Para\u00edba, Alagoas, Maranh\u00e3o, Cear\u00e1, Sergipe, Bahia, Pernambuco e Rio Grande do Norte. O problema foi observado por volta das 15h desta quarta-feira (28). Na [&hellip;]<\/p>\n","protected":false},"author":2,"featured_media":0,"comment_status":"open","ping_status":"open","sticky":false,"template":"","format":"standard","meta":{"footnotes":"","_links_to":"","_links_to_target":""},"categories":[1],"tags":[],"class_list":["post-29938","post","type-post","status-publish","format-standard","hentry","category-geral"],"views":1217,"_links":{"self":[{"href":"https:\/\/www.sudoestehoje.com.br\/novoportal\/wp-json\/wp\/v2\/posts\/29938","targetHints":{"allow":["GET"]}}],"collection":[{"href":"https:\/\/www.sudoestehoje.com.br\/novoportal\/wp-json\/wp\/v2\/posts"}],"about":[{"href":"https:\/\/www.sudoestehoje.com.br\/novoportal\/wp-json\/wp\/v2\/types\/post"}],"author":[{"embeddable":true,"href":"https:\/\/www.sudoestehoje.com.br\/novoportal\/wp-json\/wp\/v2\/users\/2"}],"replies":[{"embeddable":true,"href":"https:\/\/www.sudoestehoje.com.br\/novoportal\/wp-json\/wp\/v2\/comments?post=29938"}],"version-history":[{"count":2,"href":"https:\/\/www.sudoestehoje.com.br\/novoportal\/wp-json\/wp\/v2\/posts\/29938\/revisions"}],"predecessor-version":[{"id":29941,"href":"https:\/\/www.sudoestehoje.com.br\/novoportal\/wp-json\/wp\/v2\/posts\/29938\/revisions\/29941"}],"wp:attachment":[{"href":"https:\/\/www.sudoestehoje.com.br\/novoportal\/wp-json\/wp\/v2\/media?parent=29938"}],"wp:term":[{"taxonomy":"category","embeddable":true,"href":"https:\/\/www.sudoestehoje.com.br\/novoportal\/wp-json\/wp\/v2\/categories?post=29938"},{"taxonomy":"post_tag","embeddable":true,"href":"https:\/\/www.sudoestehoje.com.br\/novoportal\/wp-json\/wp\/v2\/tags?post=29938"}],"curies":[{"name":"wp","href":"https:\/\/api.w.org\/{rel}","templated":true}]}}