
{"id":299,"date":"2010-08-20T15:21:42","date_gmt":"2010-08-20T18:21:42","guid":{"rendered":"http:\/\/sudoestehoje.tempsite.ws\/novoportal\/?p=299"},"modified":"2010-09-18T14:32:14","modified_gmt":"2010-09-18T17:32:14","slug":"tst-mantem-interdicao-de-maquina-da-azaleia","status":"publish","type":"post","link":"https:\/\/www.sudoestehoje.com.br\/novoportal\/2010\/08\/20\/tst-mantem-interdicao-de-maquina-da-azaleia\/","title":{"rendered":"TST MANT\u00c9M INTERDI\u00c7\u00c3O DE M\u00c1QUINA DA AZAL\u00c9IA"},"content":{"rendered":"<div>\n<p style=\"text-align: center;\"><img decoding=\"async\" class=\"aligncenter\" src=\"http:\/\/www.jequiereporter.com.br\/blog\/wp-content\/uploads\/2010\/03\/azaleia.jpg\" border=\"0\" alt=\"\" \/><\/p>\n<p style=\"text-align: center;\"><em><strong>A f\u00e1brica de cal\u00e7ados da Azal\u00e9ia na Bahia fica em Itapetinga<\/strong><\/em><\/p>\n<p>O  Tribunal Superior do Trabalho (TST) manteve a decis\u00e3o da 20\u00aa Vara do  Trabalho de Salvador, e proibiu o uso de uma m\u00e1quina denominada Matriz  Injetora de Acetato de Etil Vinil (EVA) da f\u00e1brica de cal\u00e7ados da  Azal\u00e9ia, em Itapetinga, no sudoeste baiano. O relator, ministro Alberto  Luiz Bresciani de Fontan Pereira, esclareceu aos magistrados da Se\u00e7\u00e3o II  Especializada em Diss\u00eddios Individuais (SDI-2) que na f\u00e1brica ocorreram  acidentes com a amputa\u00e7\u00e3o de dedos, punhos, m\u00e3os e antebra\u00e7o dos  empregados. Ele explicou ainda que, segundo documento t\u00e9cnico e  notifica\u00e7\u00e3o emitido pelo Centro de Estudos da Sa\u00fade do Trabalhador  (Cesat), a \u201cempresa teria alterado o ciclo de funcionamento da m\u00e1quina  para obter maior produtividade e, com essa altera\u00e7\u00e3o, a situa\u00e7\u00e3o tem  ensejado esses reiterados acidentes do trabalho com graves  consequ\u00eancias\u201d. A SDI-2, assegurou tamb\u00e9m aos empregados que operam as  m\u00e1quinas injetoras de EVA, os sal\u00e1rios e outros direitos decorrentes do  contrato de trabalho, bem como estabilidade tempor\u00e1ria pelo per\u00edodo que  durar a medida.<\/p>\n<\/div>\n","protected":false},"excerpt":{"rendered":"<p>A f\u00e1brica de cal\u00e7ados da Azal\u00e9ia na Bahia fica em Itapetinga O Tribunal Superior do Trabalho (TST) manteve a decis\u00e3o da 20\u00aa Vara do Trabalho de Salvador, e proibiu o uso de uma m\u00e1quina denominada Matriz Injetora de Acetato de Etil Vinil (EVA) da f\u00e1brica de cal\u00e7ados da Azal\u00e9ia, em Itapetinga, no sudoeste baiano. O [&hellip;]<\/p>\n","protected":false},"author":1,"featured_media":0,"comment_status":"open","ping_status":"open","sticky":false,"template":"","format":"standard","meta":{"footnotes":"","_links_to":"","_links_to_target":""},"categories":[1],"tags":[],"class_list":["post-299","post","type-post","status-publish","format-standard","hentry","category-geral"],"views":1300,"_links":{"self":[{"href":"https:\/\/www.sudoestehoje.com.br\/novoportal\/wp-json\/wp\/v2\/posts\/299","targetHints":{"allow":["GET"]}}],"collection":[{"href":"https:\/\/www.sudoestehoje.com.br\/novoportal\/wp-json\/wp\/v2\/posts"}],"about":[{"href":"https:\/\/www.sudoestehoje.com.br\/novoportal\/wp-json\/wp\/v2\/types\/post"}],"author":[{"embeddable":true,"href":"https:\/\/www.sudoestehoje.com.br\/novoportal\/wp-json\/wp\/v2\/users\/1"}],"replies":[{"embeddable":true,"href":"https:\/\/www.sudoestehoje.com.br\/novoportal\/wp-json\/wp\/v2\/comments?post=299"}],"version-history":[{"count":1,"href":"https:\/\/www.sudoestehoje.com.br\/novoportal\/wp-json\/wp\/v2\/posts\/299\/revisions"}],"predecessor-version":[{"id":300,"href":"https:\/\/www.sudoestehoje.com.br\/novoportal\/wp-json\/wp\/v2\/posts\/299\/revisions\/300"}],"wp:attachment":[{"href":"https:\/\/www.sudoestehoje.com.br\/novoportal\/wp-json\/wp\/v2\/media?parent=299"}],"wp:term":[{"taxonomy":"category","embeddable":true,"href":"https:\/\/www.sudoestehoje.com.br\/novoportal\/wp-json\/wp\/v2\/categories?post=299"},{"taxonomy":"post_tag","embeddable":true,"href":"https:\/\/www.sudoestehoje.com.br\/novoportal\/wp-json\/wp\/v2\/tags?post=299"}],"curies":[{"name":"wp","href":"https:\/\/api.w.org\/{rel}","templated":true}]}}