
{"id":29888,"date":"2013-08-25T22:43:58","date_gmt":"2013-08-26T01:43:58","guid":{"rendered":"http:\/\/www.sudoestehoje.com.br\/novoportal\/?p=29888"},"modified":"2013-08-25T22:43:58","modified_gmt":"2013-08-26T01:43:58","slug":"lider-da-bancada-petista-diz-que-resultado-do-ibope-ja-era-esperado","status":"publish","type":"post","link":"https:\/\/www.sudoestehoje.com.br\/novoportal\/2013\/08\/25\/lider-da-bancada-petista-diz-que-resultado-do-ibope-ja-era-esperado\/","title":{"rendered":"L\u00cdDER DA BANCADA PETISTA DIZ QUE RESULTADO DO IBOPE J\u00c1 ERA ESPERADO"},"content":{"rendered":"<div><\/div>\n<div style=\"text-align: center;\">\n<div id=\"attachment_29889\" style=\"width: 510px\" class=\"wp-caption aligncenter\"><a href=\"http:\/\/www.sudoestehoje.com.br\/novoportal\/wp-content\/uploads\/2013\/08\/rosemberg_pinto.jpg\"><img loading=\"lazy\" decoding=\"async\" aria-describedby=\"caption-attachment-29889\" class=\"size-medium wp-image-29889\" alt=\"Para Rosemberg resultado \u00e9 natural, porque oposi\u00e7\u00e3o est\u00e1 em evid\u00eancia\" src=\"http:\/\/www.sudoestehoje.com.br\/novoportal\/wp-content\/uploads\/2013\/08\/rosemberg_pinto-500x333.jpg\" width=\"500\" height=\"333\" srcset=\"https:\/\/www.sudoestehoje.com.br\/novoportal\/wp-content\/uploads\/2013\/08\/rosemberg_pinto-500x333.jpg 500w, https:\/\/www.sudoestehoje.com.br\/novoportal\/wp-content\/uploads\/2013\/08\/rosemberg_pinto-700x466.jpg 700w, https:\/\/www.sudoestehoje.com.br\/novoportal\/wp-content\/uploads\/2013\/08\/rosemberg_pinto.jpg 800w\" sizes=\"auto, (max-width: 500px) 100vw, 500px\" \/><\/a><p id=\"caption-attachment-29889\" class=\"wp-caption-text\">Para o deputado Rosemberg, resultado \u00e9 natural, porque a oposi\u00e7\u00e3o est\u00e1 em evid\u00eancia<\/p><\/div>\n<\/div>\n<div><\/div>\n<div><\/div>\n<div>Apesar de ocuparem as \u00faltimas posi\u00e7\u00f5es em pesquisa do Ibope, realizada entre os dias 17 e 21 de agosto, com 1008 pessoas no estado, os petistas acreditam ser natural a coloca\u00e7\u00e3o. De acordo com o l\u00edder da bancada do partido na Assembleia Legislativa da Bahia (Alba), Rosemberg Pinto, o PT j\u00e1 conhecia esse resultado e medidas est\u00e3o sendo tomadas.<\/div>\n<div><\/div>\n<div>\u201cEstamos monitorando esses resultados. Sabemos que \u00e9 natural este cen\u00e1rio, j\u00e1 que a oposi\u00e7\u00e3o est\u00e1 em evid\u00eancia. Sabemos que ACM Neto faz parte de um grupo muito forte na Bahia. O carlismo diminuiu, mas n\u00e3o acabou\u201d.<\/div>\n<div><\/div>\n<div>O prefeito de Salvador aparece na primeira posi\u00e7\u00e3o, com 26% das inten\u00e7\u00f5es de votos se as elei\u00e7\u00f5es fossem hoje. A oposi\u00e7\u00e3o ocupa as tr\u00eas primeiras posi\u00e7\u00f5es, seguido por Paulo Souto (DEM) e Geddel Vieira Lima (PMDB).<\/div>\n<div><\/div>\n<div>Mesmo com a pesquisa, os petistas n\u00e3o devem mudar a estrat\u00e9gia. De acordo com Rosemberg, o partido continua buscando um candidato do partido para a elei\u00e7\u00e3o. \u201cEstamos conversando com a base, mas queremos que o candidato seja petista. O governador deve anunciar a decis\u00e3o em novembro\u201d.<\/div>\n<div><\/div>\n<div>A senadora L\u00eddice da Mata (PSB) \u00e9 a melhor colocada entre os pr\u00e9-candidatos da base aliada. Apesar de um nome forte, Rosemberg acredita que ela far\u00e1 parte do projeto junto com o governador. \u201cL\u00eddice \u00e9 forte, mas ela \u00e9 candidata se Eduardo campos tamb\u00e9m for. Se isso n\u00e3o ocorrer, ela estar\u00e1 junto conosco\u201d. \u00a0<i><b>Boc\u00e3o News<\/b><\/i><\/div>\n","protected":false},"excerpt":{"rendered":"<p>Apesar de ocuparem as \u00faltimas posi\u00e7\u00f5es em pesquisa do Ibope, realizada entre os dias 17 e 21 de agosto, com 1008 pessoas no estado, os petistas acreditam ser natural a coloca\u00e7\u00e3o. De acordo com o l\u00edder da bancada do partido na Assembleia Legislativa da Bahia (Alba), Rosemberg Pinto, o PT j\u00e1 conhecia esse resultado e [&hellip;]<\/p>\n","protected":false},"author":2,"featured_media":0,"comment_status":"open","ping_status":"open","sticky":false,"template":"","format":"standard","meta":{"footnotes":"","_links_to":"","_links_to_target":""},"categories":[1],"tags":[],"class_list":["post-29888","post","type-post","status-publish","format-standard","hentry","category-geral"],"views":1151,"_links":{"self":[{"href":"https:\/\/www.sudoestehoje.com.br\/novoportal\/wp-json\/wp\/v2\/posts\/29888","targetHints":{"allow":["GET"]}}],"collection":[{"href":"https:\/\/www.sudoestehoje.com.br\/novoportal\/wp-json\/wp\/v2\/posts"}],"about":[{"href":"https:\/\/www.sudoestehoje.com.br\/novoportal\/wp-json\/wp\/v2\/types\/post"}],"author":[{"embeddable":true,"href":"https:\/\/www.sudoestehoje.com.br\/novoportal\/wp-json\/wp\/v2\/users\/2"}],"replies":[{"embeddable":true,"href":"https:\/\/www.sudoestehoje.com.br\/novoportal\/wp-json\/wp\/v2\/comments?post=29888"}],"version-history":[{"count":7,"href":"https:\/\/www.sudoestehoje.com.br\/novoportal\/wp-json\/wp\/v2\/posts\/29888\/revisions"}],"predecessor-version":[{"id":29896,"href":"https:\/\/www.sudoestehoje.com.br\/novoportal\/wp-json\/wp\/v2\/posts\/29888\/revisions\/29896"}],"wp:attachment":[{"href":"https:\/\/www.sudoestehoje.com.br\/novoportal\/wp-json\/wp\/v2\/media?parent=29888"}],"wp:term":[{"taxonomy":"category","embeddable":true,"href":"https:\/\/www.sudoestehoje.com.br\/novoportal\/wp-json\/wp\/v2\/categories?post=29888"},{"taxonomy":"post_tag","embeddable":true,"href":"https:\/\/www.sudoestehoje.com.br\/novoportal\/wp-json\/wp\/v2\/tags?post=29888"}],"curies":[{"name":"wp","href":"https:\/\/api.w.org\/{rel}","templated":true}]}}