
{"id":2988,"date":"2011-01-09T14:15:23","date_gmt":"2011-01-09T17:15:23","guid":{"rendered":"http:\/\/www.sudoestehoje.com.br\/novoportal\/?p=2988"},"modified":"2011-01-09T14:15:23","modified_gmt":"2011-01-09T17:15:23","slug":"pegando-carona-sem-capacete","status":"publish","type":"post","link":"https:\/\/www.sudoestehoje.com.br\/novoportal\/2011\/01\/09\/pegando-carona-sem-capacete\/","title":{"rendered":"PEGANDO CARONA SEM CAPACETE"},"content":{"rendered":"<div>\n<p style=\"text-align: center;\"><em>Foto: AP<br \/>\n<\/em><img loading=\"lazy\" decoding=\"async\" class=\"aligncenter\" src=\"http:\/\/www.bahianoticias.com.br\/fotos\/editor\/Image\/FOTOS%20NOVAS\/cubano_ovelha_carona.jpg\" alt=\"\" width=\"350\" height=\"233\" \/><br \/>\n<em>Carneiro &#8216;charlando&#8217; na garupa da\u00a0moto pela ruas de Havana, em Cuba\u00a0<\/em><\/p>\n<p>Um motociclista foi flagrado carregando nada mais, nada menos do que um carneiro (isso mesmo, um carneiro!) na garupa de sua moto, em Havana, capital de Cuba. No flagra, divulgado pela Associated Press nesta semana, o animal parece abra\u00e7ar o condutor, e n\u00e3o demonstra qualquer inc\u00f4modo com a posi\u00e7\u00e3o, digamos, estranha para sua diagrama\u00e7\u00e3o corporal.\u00a0Salvador tamb\u00e9m \u00e9 pioneira nesta modalidade de transporte\u00a0nada ortodoxa\u00a0da bicharada. Personalidade an\u00f4nima da orla da capital baiana, um homem costuma levar suas cadelas para passear em cima da sua motoca, no melhor estilo dan\u00e7a do maxixe. BN<\/p>\n<p style=\"text-align: center;\"><em>Foto: Reprodu\u00e7\u00e3o \/ TV\u00a0Bahia<br \/>\n<\/em><img loading=\"lazy\" decoding=\"async\" class=\"aligncenter\" src=\"http:\/\/www.bahianoticias.com.br\/fotos\/editor\/Image\/FOTOS%20NOVAS\/cachorros_motoqueiros_bahia.jpg\" alt=\"\" width=\"350\" height=\"212\" \/><br \/>\n<em>Cadelinhas tamb\u00e9m tiram onda em rom\u00e2ntico passeio pela Orla de Salvador<\/em><\/p>\n<\/div>\n","protected":false},"excerpt":{"rendered":"<p>Foto: AP Carneiro &#8216;charlando&#8217; na garupa da\u00a0moto pela ruas de Havana, em Cuba\u00a0 Um motociclista foi flagrado carregando nada mais, nada menos do que um carneiro (isso mesmo, um carneiro!) na garupa de sua moto, em Havana, capital de Cuba. No flagra, divulgado pela Associated Press nesta semana, o animal parece abra\u00e7ar o condutor, e [&hellip;]<\/p>\n","protected":false},"author":2,"featured_media":0,"comment_status":"open","ping_status":"open","sticky":false,"template":"","format":"standard","meta":{"footnotes":"","_links_to":"","_links_to_target":""},"categories":[1],"tags":[],"class_list":["post-2988","post","type-post","status-publish","format-standard","hentry","category-geral"],"views":1383,"_links":{"self":[{"href":"https:\/\/www.sudoestehoje.com.br\/novoportal\/wp-json\/wp\/v2\/posts\/2988","targetHints":{"allow":["GET"]}}],"collection":[{"href":"https:\/\/www.sudoestehoje.com.br\/novoportal\/wp-json\/wp\/v2\/posts"}],"about":[{"href":"https:\/\/www.sudoestehoje.com.br\/novoportal\/wp-json\/wp\/v2\/types\/post"}],"author":[{"embeddable":true,"href":"https:\/\/www.sudoestehoje.com.br\/novoportal\/wp-json\/wp\/v2\/users\/2"}],"replies":[{"embeddable":true,"href":"https:\/\/www.sudoestehoje.com.br\/novoportal\/wp-json\/wp\/v2\/comments?post=2988"}],"version-history":[{"count":2,"href":"https:\/\/www.sudoestehoje.com.br\/novoportal\/wp-json\/wp\/v2\/posts\/2988\/revisions"}],"predecessor-version":[{"id":2990,"href":"https:\/\/www.sudoestehoje.com.br\/novoportal\/wp-json\/wp\/v2\/posts\/2988\/revisions\/2990"}],"wp:attachment":[{"href":"https:\/\/www.sudoestehoje.com.br\/novoportal\/wp-json\/wp\/v2\/media?parent=2988"}],"wp:term":[{"taxonomy":"category","embeddable":true,"href":"https:\/\/www.sudoestehoje.com.br\/novoportal\/wp-json\/wp\/v2\/categories?post=2988"},{"taxonomy":"post_tag","embeddable":true,"href":"https:\/\/www.sudoestehoje.com.br\/novoportal\/wp-json\/wp\/v2\/tags?post=2988"}],"curies":[{"name":"wp","href":"https:\/\/api.w.org\/{rel}","templated":true}]}}