
{"id":29843,"date":"2013-08-25T10:08:19","date_gmt":"2013-08-25T13:08:19","guid":{"rendered":"http:\/\/www.sudoestehoje.com.br\/novoportal\/?p=29843"},"modified":"2013-08-25T13:22:45","modified_gmt":"2013-08-25T16:22:45","slug":"ibope-geddel-lidera-sucessao-com-30-dos-votos-na-bahia","status":"publish","type":"post","link":"https:\/\/www.sudoestehoje.com.br\/novoportal\/2013\/08\/25\/ibope-geddel-lidera-sucessao-com-30-dos-votos-na-bahia\/","title":{"rendered":"IBOPE: GEDDEL LIDERA SUCESS\u00c3O COM 30% DAS INTEN\u00c7\u00d5ES DE VOTOS NA BAHIA"},"content":{"rendered":"<p><a href=\"http:\/\/www.sudoestehoje.com.br\/novoportal\/wp-content\/uploads\/2013\/08\/Geddel.jpg\"><img loading=\"lazy\" decoding=\"async\" class=\"aligncenter size-medium wp-image-29844\" alt=\"Geddel\" src=\"http:\/\/www.sudoestehoje.com.br\/novoportal\/wp-content\/uploads\/2013\/08\/Geddel-500x331.jpg\" width=\"500\" height=\"331\" srcset=\"https:\/\/www.sudoestehoje.com.br\/novoportal\/wp-content\/uploads\/2013\/08\/Geddel-500x331.jpg 500w, https:\/\/www.sudoestehoje.com.br\/novoportal\/wp-content\/uploads\/2013\/08\/Geddel-700x463.jpg 700w, https:\/\/www.sudoestehoje.com.br\/novoportal\/wp-content\/uploads\/2013\/08\/Geddel.jpg 800w\" sizes=\"auto, (max-width: 500px) 100vw, 500px\" \/><\/a><\/p>\n<p>&nbsp;<\/p>\n<p>O nome que hoje desponta como o mais forte para o governo da Bahia \u00e9 o de Geddel Vieira Lima, do PMDB, atual vice-presidente da Caixa Econ\u00f4mica Federal. \u00c9 o que mostra pesquisa Ibope.\u00a0A presidente Dilma tamb\u00e9m lidera, com 40%, seguida de Marina Silva, 23%; A\u00e9cio Neves, 11%; e Eduardo Campos, 4%. Para o governo, Geddel Vieira Lima lidera na faixa dos 30%. Ele s\u00f3 perde a dianteira para o prefeito de Salvador, ACM Neto, e o ex-governador Paulo Souto. L\u00eddice da Mata est\u00e1 em segundo, oscilando entre 13% e 18%. Embora pontuem acima de Geddel na pesquisa, ACM Neto e Paulo Souto descartam candidatura. Pesquisa completa do Ibope dever\u00e1 ser divulgada ainda neste domingo.<\/p>\n","protected":false},"excerpt":{"rendered":"<p>&nbsp; O nome que hoje desponta como o mais forte para o governo da Bahia \u00e9 o de Geddel Vieira Lima, do PMDB, atual vice-presidente da Caixa Econ\u00f4mica Federal. \u00c9 o que mostra pesquisa Ibope.\u00a0A presidente Dilma tamb\u00e9m lidera, com 40%, seguida de Marina Silva, 23%; A\u00e9cio Neves, 11%; e Eduardo Campos, 4%. Para o [&hellip;]<\/p>\n","protected":false},"author":2,"featured_media":0,"comment_status":"open","ping_status":"open","sticky":false,"template":"","format":"standard","meta":{"footnotes":"","_links_to":"","_links_to_target":""},"categories":[1],"tags":[],"class_list":["post-29843","post","type-post","status-publish","format-standard","hentry","category-geral"],"views":1588,"_links":{"self":[{"href":"https:\/\/www.sudoestehoje.com.br\/novoportal\/wp-json\/wp\/v2\/posts\/29843","targetHints":{"allow":["GET"]}}],"collection":[{"href":"https:\/\/www.sudoestehoje.com.br\/novoportal\/wp-json\/wp\/v2\/posts"}],"about":[{"href":"https:\/\/www.sudoestehoje.com.br\/novoportal\/wp-json\/wp\/v2\/types\/post"}],"author":[{"embeddable":true,"href":"https:\/\/www.sudoestehoje.com.br\/novoportal\/wp-json\/wp\/v2\/users\/2"}],"replies":[{"embeddable":true,"href":"https:\/\/www.sudoestehoje.com.br\/novoportal\/wp-json\/wp\/v2\/comments?post=29843"}],"version-history":[{"count":6,"href":"https:\/\/www.sudoestehoje.com.br\/novoportal\/wp-json\/wp\/v2\/posts\/29843\/revisions"}],"predecessor-version":[{"id":29847,"href":"https:\/\/www.sudoestehoje.com.br\/novoportal\/wp-json\/wp\/v2\/posts\/29843\/revisions\/29847"}],"wp:attachment":[{"href":"https:\/\/www.sudoestehoje.com.br\/novoportal\/wp-json\/wp\/v2\/media?parent=29843"}],"wp:term":[{"taxonomy":"category","embeddable":true,"href":"https:\/\/www.sudoestehoje.com.br\/novoportal\/wp-json\/wp\/v2\/categories?post=29843"},{"taxonomy":"post_tag","embeddable":true,"href":"https:\/\/www.sudoestehoje.com.br\/novoportal\/wp-json\/wp\/v2\/tags?post=29843"}],"curies":[{"name":"wp","href":"https:\/\/api.w.org\/{rel}","templated":true}]}}