
{"id":29837,"date":"2013-08-25T09:46:57","date_gmt":"2013-08-25T12:46:57","guid":{"rendered":"http:\/\/www.sudoestehoje.com.br\/novoportal\/?p=29837"},"modified":"2013-08-25T09:47:45","modified_gmt":"2013-08-25T12:47:45","slug":"otto-barra-arthur-maia-no-psd","status":"publish","type":"post","link":"https:\/\/www.sudoestehoje.com.br\/novoportal\/2013\/08\/25\/otto-barra-arthur-maia-no-psd\/","title":{"rendered":"OTTO BARRA ARTHUR MAIA NO PSD"},"content":{"rendered":"<p style=\"text-align: center;\"><a href=\"http:\/\/www.sudoestehoje.com.br\/novoportal\/wp-content\/uploads\/2013\/08\/artur-maia.jpg\"><img decoding=\"async\" class=\"aligncenter  wp-image-29838\" alt=\"artur maia\" src=\"http:\/\/www.sudoestehoje.com.br\/novoportal\/wp-content\/uploads\/2013\/08\/artur-maia.jpg\" width=\"500\" \/><\/a><\/p>\n<p>&nbsp;<\/p>\n<p>Desafeto dos irm\u00e3os Vieira Lima, o deputado federal Arthur Mais n\u00e3o esconde sua discord\u00e2ncia com a conduta de oposi\u00e7\u00e3o ferrenha que o PMDB faz ao governador Jaques Wagner (PT) e est\u00e1 procurando um partido que seja tamb\u00e9m da base estadual para se filiar. Seu ingresso no PSD, praticamente dado como certo, foi barrado pelo vice-governador e presidente do partido na Bahia, Otto Alencar. Segundo Felipe Patury, de \u00c9poca, o principal fator contr\u00e1rio \u00e0 filia\u00e7\u00e3o de Arthur Maia \u00e9 seu colega de C\u00e2mara Jos\u00e9 Carlos Ara\u00fajo. O peemedebista agora negocia com o PDT.<\/p>\n","protected":false},"excerpt":{"rendered":"<p>&nbsp; Desafeto dos irm\u00e3os Vieira Lima, o deputado federal Arthur Mais n\u00e3o esconde sua discord\u00e2ncia com a conduta de oposi\u00e7\u00e3o ferrenha que o PMDB faz ao governador Jaques Wagner (PT) e est\u00e1 procurando um partido que seja tamb\u00e9m da base estadual para se filiar. Seu ingresso no PSD, praticamente dado como certo, foi barrado pelo [&hellip;]<\/p>\n","protected":false},"author":2,"featured_media":0,"comment_status":"open","ping_status":"open","sticky":false,"template":"","format":"standard","meta":{"footnotes":"","_links_to":"","_links_to_target":""},"categories":[1],"tags":[],"class_list":["post-29837","post","type-post","status-publish","format-standard","hentry","category-geral"],"views":1190,"_links":{"self":[{"href":"https:\/\/www.sudoestehoje.com.br\/novoportal\/wp-json\/wp\/v2\/posts\/29837","targetHints":{"allow":["GET"]}}],"collection":[{"href":"https:\/\/www.sudoestehoje.com.br\/novoportal\/wp-json\/wp\/v2\/posts"}],"about":[{"href":"https:\/\/www.sudoestehoje.com.br\/novoportal\/wp-json\/wp\/v2\/types\/post"}],"author":[{"embeddable":true,"href":"https:\/\/www.sudoestehoje.com.br\/novoportal\/wp-json\/wp\/v2\/users\/2"}],"replies":[{"embeddable":true,"href":"https:\/\/www.sudoestehoje.com.br\/novoportal\/wp-json\/wp\/v2\/comments?post=29837"}],"version-history":[{"count":4,"href":"https:\/\/www.sudoestehoje.com.br\/novoportal\/wp-json\/wp\/v2\/posts\/29837\/revisions"}],"predecessor-version":[{"id":29842,"href":"https:\/\/www.sudoestehoje.com.br\/novoportal\/wp-json\/wp\/v2\/posts\/29837\/revisions\/29842"}],"wp:attachment":[{"href":"https:\/\/www.sudoestehoje.com.br\/novoportal\/wp-json\/wp\/v2\/media?parent=29837"}],"wp:term":[{"taxonomy":"category","embeddable":true,"href":"https:\/\/www.sudoestehoje.com.br\/novoportal\/wp-json\/wp\/v2\/categories?post=29837"},{"taxonomy":"post_tag","embeddable":true,"href":"https:\/\/www.sudoestehoje.com.br\/novoportal\/wp-json\/wp\/v2\/tags?post=29837"}],"curies":[{"name":"wp","href":"https:\/\/api.w.org\/{rel}","templated":true}]}}