
{"id":29834,"date":"2013-08-25T09:36:15","date_gmt":"2013-08-25T12:36:15","guid":{"rendered":"http:\/\/www.sudoestehoje.com.br\/novoportal\/?p=29834"},"modified":"2013-08-25T09:36:15","modified_gmt":"2013-08-25T12:36:15","slug":"medicos-cubanos-desembarcam-na-bahia-em-meio-a-controversias-2","status":"publish","type":"post","link":"https:\/\/www.sudoestehoje.com.br\/novoportal\/2013\/08\/25\/medicos-cubanos-desembarcam-na-bahia-em-meio-a-controversias-2\/","title":{"rendered":"M\u00c9DICOS CUBANOS DESEMBARCAM NA BAHIA EM MEIO A CONTROV\u00c9RSIAS"},"content":{"rendered":"<div id=\"attachment_29831\" style=\"width: 510px\" class=\"wp-caption aligncenter\"><a href=\"http:\/\/www.sudoestehoje.com.br\/novoportal\/wp-content\/uploads\/2013\/08\/M\u00c9DICOS-CUBANOS.jpg\"><img loading=\"lazy\" decoding=\"async\" aria-describedby=\"caption-attachment-29831\" class=\"size-medium wp-image-29831\" alt=\"Na segunda-feira, 26, os m\u00e9dicos participar\u00e3o de um curso de 120 horas sobre sa\u00fade p\u00fablica brasileira, que inclui v\u00e1rios temas.\" src=\"http:\/\/www.sudoestehoje.com.br\/novoportal\/wp-content\/uploads\/2013\/08\/M\u00c9DICOS-CUBANOS-500x312.jpg\" width=\"500\" height=\"312\" srcset=\"https:\/\/www.sudoestehoje.com.br\/novoportal\/wp-content\/uploads\/2013\/08\/M\u00c9DICOS-CUBANOS-500x312.jpg 500w, https:\/\/www.sudoestehoje.com.br\/novoportal\/wp-content\/uploads\/2013\/08\/M\u00c9DICOS-CUBANOS.jpg 652w\" sizes=\"auto, (max-width: 500px) 100vw, 500px\" \/><\/a><p id=\"caption-attachment-29831\" class=\"wp-caption-text\">Na segunda-feira, 26, os m\u00e9dicos participar\u00e3o de um curso de 120 horas sobre sa\u00fade p\u00fablica brasileira, que inclui v\u00e1rios temas.<\/p><\/div>\n<p>&nbsp;<\/p>\n<p>Desembarcam na capital baiana, no final da tarde deste domingo, 25, 50 profissionais cubanos selecionados pelo programa Mais M\u00e9dicos, do governo federal. Os m\u00e9dicos ser\u00e3o recepcionados, por volta das 18h, pelo secret\u00e1rio estadual da Sa\u00fade, Jorge Solla, e pelo governador Jaques Wagner, na Base A\u00e9rea de Salvador.<\/p>\n<p>O grupo chega \u00e0 capital em clima de pol\u00eamica, pois, ao contr\u00e1rio dos demais estrangeiros que v\u00e3o participar do programa, os cubanos estar\u00e3o submetidos \u00e0 lei trabalhista do pa\u00eds de origem e ser\u00e3o contratados via Organiza\u00e7\u00e3o Pan-Americana de Sa\u00fade e pelo governo de Cuba. Na manh\u00e3 deste s\u00e1bado, chegaram\u00a0 mais dois estrangeiros que ir\u00e3o atuar no programa Mais M\u00e9dicos: a mexicana Rosa Isela Delgado Ramirez, lotada no munic\u00edpio de Feira de Santana, e o su\u00ed\u00e7o Miguel Defallens, que vai atuar na capital baiana.<!--more--><\/p>\n<p>Na segunda-feira, 26, os m\u00e9dicos participar\u00e3o de um curso de 120 horas sobre sa\u00fade p\u00fablica brasileira, que inclui temas como legisla\u00e7\u00e3o, funcionamento, al\u00e9m de\u00a0 atribui\u00e7\u00f5es do Sistema \u00danico de Sa\u00fade (SUS) com enfoque na aten\u00e7\u00e3o b\u00e1sica. Os profissionais estrangeiros tamb\u00e9m ter\u00e3o aulas de l\u00edngua portuguesa, que ser\u00e3o ministradas\u00a0 na Universidade Federal da Bahia (Ufba).<\/p>\n<p><strong>Controv\u00e9rsia<\/strong><\/p>\n<p>Na sexta, 23, o\u00a0 procurador do Minist\u00e9rio Publico do Trabalho e coordenador nacional de Combate \u00e0s Fraudes nas Rela\u00e7\u00f5es de Trabalho, Jos\u00e9 de Lima Ramos Pereira, afirmou que essa forma de contrata\u00e7\u00e3o \u00e9 irregular e viola a Consolida\u00e7\u00e3o das Leis Trabalhistas (CLT) do Brasil. \u201cA forma que a legisla\u00e7\u00e3o admite para essas contrata\u00e7\u00f5es \u00e9 um concurso p\u00fablico ou, numa excepcionalidade, outras formas\u201d, disse.<\/p>\n<p>O procurador afirmou que vai solicitar informa\u00e7\u00f5es \u00e0 Advocacia Geral da Uni\u00e3o (AGU) para ter acesso \u00e0 \u00edntegra desses acordos para analisar e, se for o caso, adotar alguma medida judicial. Lu\u00eds Camargo, procurador-geral do Trabalho, no entanto, afirmou ser precipitado dizer que o acordo Brasil-Cuba gera trabalho escravo para os profissionais. \u201c\u00c9 imposs\u00edvel dizer isso. Os m\u00e9dicos ainda est\u00e3o chegando, no caso dos cubanos nem chegaram. O trabalho escravo contempor\u00e2neo se caracteriza pelas condi\u00e7\u00f5es degradantes de trabalho oferecidas\u201d, disse sexta.<\/p>\n<p><strong>Demanda<\/strong><\/p>\n<p>De acordo com dados do Minist\u00e9rio da Sa\u00fade, a maioria dos m\u00e9dicos cubanos (74%), que chegar\u00e3o ao Brasil vai trabalhar nas regi\u00f5es Norte e Nordeste. Eles v\u00e3o suprir a demanda de 701 munic\u00edpios que n\u00e3o foram escolhidos por nenhum m\u00e9dico na primeira chamada do programa. Como os demais contratados pelo Mais M\u00e9dicos, os cubanos tamb\u00e9m ter\u00e3o alimenta\u00e7\u00e3o e moradia custeados pelos governos municipais.<\/p>\n","protected":false},"excerpt":{"rendered":"<p>&nbsp; Desembarcam na capital baiana, no final da tarde deste domingo, 25, 50 profissionais cubanos selecionados pelo programa Mais M\u00e9dicos, do governo federal. Os m\u00e9dicos ser\u00e3o recepcionados, por volta das 18h, pelo secret\u00e1rio estadual da Sa\u00fade, Jorge Solla, e pelo governador Jaques Wagner, na Base A\u00e9rea de Salvador. O grupo chega \u00e0 capital em clima [&hellip;]<\/p>\n","protected":false},"author":2,"featured_media":0,"comment_status":"open","ping_status":"open","sticky":false,"template":"","format":"standard","meta":{"footnotes":"","_links_to":"","_links_to_target":""},"categories":[1],"tags":[],"class_list":["post-29834","post","type-post","status-publish","format-standard","hentry","category-geral"],"views":1397,"_links":{"self":[{"href":"https:\/\/www.sudoestehoje.com.br\/novoportal\/wp-json\/wp\/v2\/posts\/29834","targetHints":{"allow":["GET"]}}],"collection":[{"href":"https:\/\/www.sudoestehoje.com.br\/novoportal\/wp-json\/wp\/v2\/posts"}],"about":[{"href":"https:\/\/www.sudoestehoje.com.br\/novoportal\/wp-json\/wp\/v2\/types\/post"}],"author":[{"embeddable":true,"href":"https:\/\/www.sudoestehoje.com.br\/novoportal\/wp-json\/wp\/v2\/users\/2"}],"replies":[{"embeddable":true,"href":"https:\/\/www.sudoestehoje.com.br\/novoportal\/wp-json\/wp\/v2\/comments?post=29834"}],"version-history":[{"count":2,"href":"https:\/\/www.sudoestehoje.com.br\/novoportal\/wp-json\/wp\/v2\/posts\/29834\/revisions"}],"predecessor-version":[{"id":29836,"href":"https:\/\/www.sudoestehoje.com.br\/novoportal\/wp-json\/wp\/v2\/posts\/29834\/revisions\/29836"}],"wp:attachment":[{"href":"https:\/\/www.sudoestehoje.com.br\/novoportal\/wp-json\/wp\/v2\/media?parent=29834"}],"wp:term":[{"taxonomy":"category","embeddable":true,"href":"https:\/\/www.sudoestehoje.com.br\/novoportal\/wp-json\/wp\/v2\/categories?post=29834"},{"taxonomy":"post_tag","embeddable":true,"href":"https:\/\/www.sudoestehoje.com.br\/novoportal\/wp-json\/wp\/v2\/tags?post=29834"}],"curies":[{"name":"wp","href":"https:\/\/api.w.org\/{rel}","templated":true}]}}