
{"id":29812,"date":"2013-08-24T08:20:47","date_gmt":"2013-08-24T11:20:47","guid":{"rendered":"http:\/\/www.sudoestehoje.com.br\/novoportal\/?p=29812"},"modified":"2013-08-24T08:20:47","modified_gmt":"2013-08-24T11:20:47","slug":"vereador-renan-quer-saber-porque-programa-do-leite-fome-zero-parou","status":"publish","type":"post","link":"https:\/\/www.sudoestehoje.com.br\/novoportal\/2013\/08\/24\/vereador-renan-quer-saber-porque-programa-do-leite-fome-zero-parou\/","title":{"rendered":"VEREADOR RENAN QUER SABER PORQUE PROGRAMA DO LEITE FOME ZERO PAROU"},"content":{"rendered":"<div id=\"attachment_29813\" style=\"width: 360px\" class=\"wp-caption aligncenter\"><a href=\"http:\/\/www.sudoestehoje.com.br\/novoportal\/wp-content\/uploads\/2013\/08\/LEITE.jpg\"><img decoding=\"async\" aria-describedby=\"caption-attachment-29813\" class=\" wp-image-29813 \" alt=\"Leite Fome Zero turbinou campanha eleitoral e depois desapareceu.\" src=\"http:\/\/www.sudoestehoje.com.br\/novoportal\/wp-content\/uploads\/2013\/08\/LEITE.jpg\" width=\"350\" \/><\/a><p id=\"caption-attachment-29813\" class=\"wp-caption-text\">Leite Fome Zero turbinou campanha eleitoral e depois desapareceu, deixando as crian\u00e7as pobres de Itapetinga desamparadas.<\/p><\/div>\n<p>&nbsp;<\/p>\n<p>O Vereador Renan Coelho do PC do B apresentou indica\u00e7\u00e3o na C\u00e2mara questionando os motivos da suspens\u00e3o ou n\u00e3o distribui\u00e7\u00e3o do leite do programa fome zero em Itapetinga.\u00a0Para o vereador o prefeito n\u00e3o inovou em programas e deixa acabar o que estava funcionando prejudicando a popula\u00e7\u00e3o pobre.<\/p>\n<p>O leite sumiu das escolas. \u00c9 de conhecimento p\u00fablico que o Programa Leite Fome Zero tem o objetivo de diminuir a vulnerabilidade e inseguran\u00e7a alimentar de crian\u00e7as de 2 a 7 anos, pertencentes a fam\u00edlias com renda per capta de at\u00e9 meio sal\u00e1rio m\u00ednimo. O programa visa ainda fortalecer a cadeia produtiva do leite, por meio da gera\u00e7\u00e3o de renda ao produtor familiar, que fornece o produto para o governo. S\u00e3o mais de 3 mil pequenos porodutores beneficiados e 104 mil crian\u00e7as contempladas. Por m\u00eas, o governo baiano listribui mais de 2,2 milh\u00f5es de litros pelo programa.<\/p>\n<p>O programa Leite Fome Zero disponibiliza, de segunda a sexta-feira, um litro de leite bovino ou caprino pasteurizado para cada crian\u00e7a, de 2 a 7 anos, que est\u00e1 matriculada em creche e pr\u00e9-escola, cuja fam\u00edlia tenha renda per capta de at\u00e9 meio sal\u00e1rio m\u00ednimo e esteja inscrita no Cad\u00danico. Blog do Z\u00e9 Ferreira<\/p>\n","protected":false},"excerpt":{"rendered":"<p>&nbsp; O Vereador Renan Coelho do PC do B apresentou indica\u00e7\u00e3o na C\u00e2mara questionando os motivos da suspens\u00e3o ou n\u00e3o distribui\u00e7\u00e3o do leite do programa fome zero em Itapetinga.\u00a0Para o vereador o prefeito n\u00e3o inovou em programas e deixa acabar o que estava funcionando prejudicando a popula\u00e7\u00e3o pobre. O leite sumiu das escolas. \u00c9 de [&hellip;]<\/p>\n","protected":false},"author":2,"featured_media":0,"comment_status":"open","ping_status":"open","sticky":false,"template":"","format":"standard","meta":{"footnotes":"","_links_to":"","_links_to_target":""},"categories":[1],"tags":[],"class_list":["post-29812","post","type-post","status-publish","format-standard","hentry","category-geral"],"views":1298,"_links":{"self":[{"href":"https:\/\/www.sudoestehoje.com.br\/novoportal\/wp-json\/wp\/v2\/posts\/29812","targetHints":{"allow":["GET"]}}],"collection":[{"href":"https:\/\/www.sudoestehoje.com.br\/novoportal\/wp-json\/wp\/v2\/posts"}],"about":[{"href":"https:\/\/www.sudoestehoje.com.br\/novoportal\/wp-json\/wp\/v2\/types\/post"}],"author":[{"embeddable":true,"href":"https:\/\/www.sudoestehoje.com.br\/novoportal\/wp-json\/wp\/v2\/users\/2"}],"replies":[{"embeddable":true,"href":"https:\/\/www.sudoestehoje.com.br\/novoportal\/wp-json\/wp\/v2\/comments?post=29812"}],"version-history":[{"count":2,"href":"https:\/\/www.sudoestehoje.com.br\/novoportal\/wp-json\/wp\/v2\/posts\/29812\/revisions"}],"predecessor-version":[{"id":29815,"href":"https:\/\/www.sudoestehoje.com.br\/novoportal\/wp-json\/wp\/v2\/posts\/29812\/revisions\/29815"}],"wp:attachment":[{"href":"https:\/\/www.sudoestehoje.com.br\/novoportal\/wp-json\/wp\/v2\/media?parent=29812"}],"wp:term":[{"taxonomy":"category","embeddable":true,"href":"https:\/\/www.sudoestehoje.com.br\/novoportal\/wp-json\/wp\/v2\/categories?post=29812"},{"taxonomy":"post_tag","embeddable":true,"href":"https:\/\/www.sudoestehoje.com.br\/novoportal\/wp-json\/wp\/v2\/tags?post=29812"}],"curies":[{"name":"wp","href":"https:\/\/api.w.org\/{rel}","templated":true}]}}