
{"id":29784,"date":"2013-08-23T17:43:51","date_gmt":"2013-08-23T20:43:51","guid":{"rendered":"http:\/\/www.sudoestehoje.com.br\/novoportal\/?p=29784"},"modified":"2013-08-23T17:43:51","modified_gmt":"2013-08-23T20:43:51","slug":"inss-comeca-a-pagar-parcela-do-13o-a-partir-desta-segunda","status":"publish","type":"post","link":"https:\/\/www.sudoestehoje.com.br\/novoportal\/2013\/08\/23\/inss-comeca-a-pagar-parcela-do-13o-a-partir-desta-segunda\/","title":{"rendered":"INSS COME\u00c7A A PAGAR PARCELA DO 13\u00ba A PARTIR DESTA SEGUNDA"},"content":{"rendered":"<p><a href=\"http:\/\/www.sudoestehoje.com.br\/novoportal\/wp-content\/uploads\/2013\/08\/13\u00ba-sal\u00e1rio-do-inss.png\"><img decoding=\"async\" class=\"wp-image-29785 aligncenter\" alt=\"13\u00ba-sal\u00e1rio-do-inss\" src=\"http:\/\/www.sudoestehoje.com.br\/novoportal\/wp-content\/uploads\/2013\/08\/13\u00ba-sal\u00e1rio-do-inss.png\" width=\"400\" \/><\/a><\/p>\n<p>&nbsp;<\/p>\n<p>A antecipa\u00e7\u00e3o da primeira parcela do 13\u00ba sal\u00e1rio para os aposentados e pensionistas da Previd\u00eancia Social come\u00e7a a ser paga nesta segunda-feira (26). No total, ser\u00e1 injetada uma parcela de R$ 12,622 bilh\u00f5es na economia. Cerca de 26,1 milh\u00f5es de pessoas ter\u00e3o direito \u00e0 antecipa\u00e7\u00e3o de metade do benef\u00edcio de final de ano. Os valores ser\u00e3o creditados juntamente com o pagamento da folha de agosto, em calend\u00e1rio de libera\u00e7\u00e3o que segue at\u00e9 6 de setembro.\u00a0Em 2012, o governo tamb\u00e9m adotou a antecipa\u00e7\u00e3o do pagamento da metade do 13\u00ba sal\u00e1rio dos segurados e dependentes do INSS, exatamente na mesma \u00e9poca do ano. A medida, no ano passado, representou uma libera\u00e7\u00e3o de R$ 11,3 bilh\u00f5es.<\/p>\n","protected":false},"excerpt":{"rendered":"<p>&nbsp; A antecipa\u00e7\u00e3o da primeira parcela do 13\u00ba sal\u00e1rio para os aposentados e pensionistas da Previd\u00eancia Social come\u00e7a a ser paga nesta segunda-feira (26). No total, ser\u00e1 injetada uma parcela de R$ 12,622 bilh\u00f5es na economia. Cerca de 26,1 milh\u00f5es de pessoas ter\u00e3o direito \u00e0 antecipa\u00e7\u00e3o de metade do benef\u00edcio de final de ano. Os [&hellip;]<\/p>\n","protected":false},"author":2,"featured_media":0,"comment_status":"open","ping_status":"open","sticky":false,"template":"","format":"standard","meta":{"footnotes":"","_links_to":"","_links_to_target":""},"categories":[1],"tags":[],"class_list":["post-29784","post","type-post","status-publish","format-standard","hentry","category-geral"],"views":1856,"_links":{"self":[{"href":"https:\/\/www.sudoestehoje.com.br\/novoportal\/wp-json\/wp\/v2\/posts\/29784","targetHints":{"allow":["GET"]}}],"collection":[{"href":"https:\/\/www.sudoestehoje.com.br\/novoportal\/wp-json\/wp\/v2\/posts"}],"about":[{"href":"https:\/\/www.sudoestehoje.com.br\/novoportal\/wp-json\/wp\/v2\/types\/post"}],"author":[{"embeddable":true,"href":"https:\/\/www.sudoestehoje.com.br\/novoportal\/wp-json\/wp\/v2\/users\/2"}],"replies":[{"embeddable":true,"href":"https:\/\/www.sudoestehoje.com.br\/novoportal\/wp-json\/wp\/v2\/comments?post=29784"}],"version-history":[{"count":3,"href":"https:\/\/www.sudoestehoje.com.br\/novoportal\/wp-json\/wp\/v2\/posts\/29784\/revisions"}],"predecessor-version":[{"id":29788,"href":"https:\/\/www.sudoestehoje.com.br\/novoportal\/wp-json\/wp\/v2\/posts\/29784\/revisions\/29788"}],"wp:attachment":[{"href":"https:\/\/www.sudoestehoje.com.br\/novoportal\/wp-json\/wp\/v2\/media?parent=29784"}],"wp:term":[{"taxonomy":"category","embeddable":true,"href":"https:\/\/www.sudoestehoje.com.br\/novoportal\/wp-json\/wp\/v2\/categories?post=29784"},{"taxonomy":"post_tag","embeddable":true,"href":"https:\/\/www.sudoestehoje.com.br\/novoportal\/wp-json\/wp\/v2\/tags?post=29784"}],"curies":[{"name":"wp","href":"https:\/\/api.w.org\/{rel}","templated":true}]}}