
{"id":29779,"date":"2013-08-23T17:35:28","date_gmt":"2013-08-23T20:35:28","guid":{"rendered":"http:\/\/www.sudoestehoje.com.br\/novoportal\/?p=29779"},"modified":"2013-08-23T17:35:28","modified_gmt":"2013-08-23T20:35:28","slug":"prefeitura-de-conquista-confirma-1o-caso-de-morte-por-gripe-suina","status":"publish","type":"post","link":"https:\/\/www.sudoestehoje.com.br\/novoportal\/2013\/08\/23\/prefeitura-de-conquista-confirma-1o-caso-de-morte-por-gripe-suina\/","title":{"rendered":"PREFEITURA DE CONQUISTA CONFIRMA 1\u00ba CASO DE MORTE POR GRIPE SU\u00cdNA"},"content":{"rendered":"<p><a href=\"http:\/\/www.sudoestehoje.com.br\/novoportal\/wp-content\/uploads\/2013\/08\/gripe-suina-2-350x262.jpg\"><img decoding=\"async\" class=\" wp-image-29780 alignleft\" alt=\"gripe-suina-2-350x262\" src=\"http:\/\/www.sudoestehoje.com.br\/novoportal\/wp-content\/uploads\/2013\/08\/gripe-suina-2-350x262.jpg\" width=\"300\" \/><\/a><\/p>\n<p>A Secretaria Municipal de Sa\u00fade de Vit\u00f3ria da Conquista, no sudoeste baiano, confirmou nesta sexta-feira (23) a primeira morte pelo v\u00edrus H1N1 na cidade. O registro aconteceu nesta quinta (22), com a &#8220;confirma\u00e7\u00e3o de um caso da S\u00edndrome Respirat\u00f3ria Aguda Grave (SRAG), H1N1, no \u00faltimo dia 20 de agosto. A paciente, uma pessoa idosa com mais de 80 anos, recebeu todo atendimento e acompanhamento necess\u00e1rios, mas veio a \u00f3bito em decorr\u00eancia de insufici\u00eancia card\u00edaca&#8221;, diz a nota da unidade.\u00a0No entanto, o \u00f3bito ainda n\u00e3o entrou no balan\u00e7o oficial da Secretaria Estadual de Sa\u00fade (Sesab), o que s\u00f3 acontece ap\u00f3s exames feitos no Laborat\u00f3rio Central (Lacen), que at\u00e9 o momento notificou nove mortes confirmadas pela doen\u00e7a.<\/p>\n<p>Apesar do n\u00famero alto de casos na Bahia este ano, a Vigil\u00e2ncia Sanit\u00e1ria da Sesab explica que n\u00e3o se trata de um surto da doen\u00e7a na Bahia. \u201cTemos nove \u00f3bitos e 46 casos confirmados de janeiro at\u00e9 agora. Mas, n\u00e3o se trata de um surto, pois os casos s\u00e3o distribu\u00eddos e o surto se caracteriza por um aumento de registros em um local fechado, como uma creche, um bairro. Apesar de que tivemos 20 situa\u00e7\u00f5es confirmadas em Salvador, mas s\u00e3o distribu\u00eddos em v\u00e1rios bairros. No estado, o n\u00famero de mortes est\u00e1 disseminado por v\u00e1rias cidades\u201d, disse a coordenadora da Vigil\u00e2ncia Epidemiol\u00f3gica, F\u00e1tima Guirra. No entanto, m\u00e9dicos de todo o estado foram alertados para notificarem poss\u00edveis casos a Sesab e manterem o alerta para pacientes com os sinais da doen\u00e7a.<\/p>\n","protected":false},"excerpt":{"rendered":"<p>A Secretaria Municipal de Sa\u00fade de Vit\u00f3ria da Conquista, no sudoeste baiano, confirmou nesta sexta-feira (23) a primeira morte pelo v\u00edrus H1N1 na cidade. O registro aconteceu nesta quinta (22), com a &#8220;confirma\u00e7\u00e3o de um caso da S\u00edndrome Respirat\u00f3ria Aguda Grave (SRAG), H1N1, no \u00faltimo dia 20 de agosto. A paciente, uma pessoa idosa com [&hellip;]<\/p>\n","protected":false},"author":2,"featured_media":0,"comment_status":"open","ping_status":"open","sticky":false,"template":"","format":"standard","meta":{"footnotes":"","_links_to":"","_links_to_target":""},"categories":[1],"tags":[],"class_list":["post-29779","post","type-post","status-publish","format-standard","hentry","category-geral"],"views":1170,"_links":{"self":[{"href":"https:\/\/www.sudoestehoje.com.br\/novoportal\/wp-json\/wp\/v2\/posts\/29779","targetHints":{"allow":["GET"]}}],"collection":[{"href":"https:\/\/www.sudoestehoje.com.br\/novoportal\/wp-json\/wp\/v2\/posts"}],"about":[{"href":"https:\/\/www.sudoestehoje.com.br\/novoportal\/wp-json\/wp\/v2\/types\/post"}],"author":[{"embeddable":true,"href":"https:\/\/www.sudoestehoje.com.br\/novoportal\/wp-json\/wp\/v2\/users\/2"}],"replies":[{"embeddable":true,"href":"https:\/\/www.sudoestehoje.com.br\/novoportal\/wp-json\/wp\/v2\/comments?post=29779"}],"version-history":[{"count":3,"href":"https:\/\/www.sudoestehoje.com.br\/novoportal\/wp-json\/wp\/v2\/posts\/29779\/revisions"}],"predecessor-version":[{"id":29783,"href":"https:\/\/www.sudoestehoje.com.br\/novoportal\/wp-json\/wp\/v2\/posts\/29779\/revisions\/29783"}],"wp:attachment":[{"href":"https:\/\/www.sudoestehoje.com.br\/novoportal\/wp-json\/wp\/v2\/media?parent=29779"}],"wp:term":[{"taxonomy":"category","embeddable":true,"href":"https:\/\/www.sudoestehoje.com.br\/novoportal\/wp-json\/wp\/v2\/categories?post=29779"},{"taxonomy":"post_tag","embeddable":true,"href":"https:\/\/www.sudoestehoje.com.br\/novoportal\/wp-json\/wp\/v2\/tags?post=29779"}],"curies":[{"name":"wp","href":"https:\/\/api.w.org\/{rel}","templated":true}]}}