
{"id":29736,"date":"2013-08-21T22:49:56","date_gmt":"2013-08-22T01:49:56","guid":{"rendered":"http:\/\/www.sudoestehoje.com.br\/novoportal\/?p=29736"},"modified":"2013-08-21T22:50:30","modified_gmt":"2013-08-22T01:50:30","slug":"pinheiro-defende-avanco-na-mobilidade-urbana-para-pessoas-com-deficiencia","status":"publish","type":"post","link":"https:\/\/www.sudoestehoje.com.br\/novoportal\/2013\/08\/21\/pinheiro-defende-avanco-na-mobilidade-urbana-para-pessoas-com-deficiencia\/","title":{"rendered":"PINHEIRO DEFENDE AVAN\u00c7O NA MOBILIDADE URBANA PARA PESSOAS COM DEFICI\u00caNCIA"},"content":{"rendered":"<p>&nbsp;<\/p>\n<p><a href=\"http:\/\/www.sudoestehoje.com.br\/novoportal\/wp-content\/uploads\/2013\/08\/Foto_Andre_Correa.jpg\"><img loading=\"lazy\" decoding=\"async\" class=\"aligncenter size-medium wp-image-29737\" alt=\"Foto_Andre_Correa\" src=\"http:\/\/www.sudoestehoje.com.br\/novoportal\/wp-content\/uploads\/2013\/08\/Foto_Andre_Correa-500x331.jpg\" width=\"500\" height=\"331\" srcset=\"https:\/\/www.sudoestehoje.com.br\/novoportal\/wp-content\/uploads\/2013\/08\/Foto_Andre_Correa-500x331.jpg 500w, https:\/\/www.sudoestehoje.com.br\/novoportal\/wp-content\/uploads\/2013\/08\/Foto_Andre_Correa-700x463.jpg 700w, https:\/\/www.sudoestehoje.com.br\/novoportal\/wp-content\/uploads\/2013\/08\/Foto_Andre_Correa.jpg 774w\" sizes=\"auto, (max-width: 500px) 100vw, 500px\" \/><\/a><\/p>\n<p>&nbsp;<\/p>\n<p>Em discurso nesta quarta-feira (21), o senador Walter Pinheiro (PT-BA) afirmou que o Brasil ainda precisa avan\u00e7ar muito no que diz respeito \u00e0 mobilidade urbana, tendo em vista as pessoas com defici\u00eancia. Ele lembrou que a popula\u00e7\u00e3o brasileira \u00e9 composta por 24% de pessoas com algum tipo de defici\u00eancia, mas este mesmo percentual do transporte p\u00fablico n\u00e3o \u00e9 equipado para atender este seguimento.<\/p>\n<p>O senador citou como exemplos de car\u00eancias das principais cidades brasileiras o pouco n\u00famero de sem\u00e1foros sonoros para deficientes visuais e o mau estado das cal\u00e7adas e rampas nas ruas, e citou a capital baiana: \u201cUm dos grandes problemas de Salvador, por exemplo, \u00e9 que ela \u00e9 uma cidade que n\u00e3o tem passeio, que foi feita para quem anda de carro. N\u00e3o \u00e9 uma cidade planejada para permitir o deslocamento por parte do pedestre e, muito menos, para atender a essa necessidade de 24% da popula\u00e7\u00e3o\u201d, disse.<!--more--><\/p>\n<p>&nbsp;<\/p>\n<p id=\"yui_3_7_2_1_1377135796039_2206\">Pinheiro citou sua iniciativa de atrair para a Bahia uma empresa que fabrica sem\u00e1foros inteligentes, que s\u00e3o controlados por sensores: quando h\u00e1 uma fila maior de ve\u00edculos aguardando o sinal abrir, eles automaticamente aumentam o tempo de sinal verde para evitar filas. Al\u00e9m disso, eles oferecem melhores condi\u00e7\u00f5es de seguran\u00e7a para o deslocamento de pedestres e pessoas com defici\u00eancia.<\/p>\n<p>Em julho, o senador esteve reunido com representantes da empresa e da Secretaria estadual de Ind\u00fastria, Com\u00e9rcio e Minera\u00e7\u00e3o (Sicm) para iniciar as tratativas da implanta\u00e7\u00e3o de uma unidade fabril na Bahia. A empresa j\u00e1 possui uma f\u00e1brica em Jundia\u00ed, no interior de S\u00e3o Paulo, e produz cerca de 50 mil unidades por dia, chegando a exportar seus produtos para os Estados Unidos e M\u00e9xico.<\/p>\n<p>Pinheiro lembrou que a mobilidade foi um dos temas mais cobrados nas manifesta\u00e7\u00f5es de rua ocorridas no Brasil no m\u00eas de junho: \u201cEu disse inclusive \u00e0 presidenta Dilma, que a vida melhorou dentro de casa, mas degradou na rua. O cidad\u00e3o tem emprego, mas passa seis horas dentro do \u00f4nibus. A pessoa conseguiu comprar um carrinho, melhorou a vida, mas n\u00e3o tem como se deslocar nas cidades\u201d, exemplificou.<\/p>\n<p>Ele concluiu seu pronunciamento destacando a necessidade de &#8220;repensar nossas cidades&#8221; e classificando o transporte p\u00fablico no Brasil como um dos mais caros do mundo, por\u00e9m \u201cde p\u00e9ssima qualidade, com todo o sistema de tecnologia adotada, tem at\u00e9 \u00f4nibus bi-articulado, tem \u00f4nibus com sistema hidr\u00e1ulico, com sistema de n\u00e3o sei das quantas, mas continua bonitinho e ordin\u00e1rio\u201d.<\/p>\n<p><em>Ascom<\/em><\/p>\n","protected":false},"excerpt":{"rendered":"<p>&nbsp; &nbsp; Em discurso nesta quarta-feira (21), o senador Walter Pinheiro (PT-BA) afirmou que o Brasil ainda precisa avan\u00e7ar muito no que diz respeito \u00e0 mobilidade urbana, tendo em vista as pessoas com defici\u00eancia. Ele lembrou que a popula\u00e7\u00e3o brasileira \u00e9 composta por 24% de pessoas com algum tipo de defici\u00eancia, mas este mesmo percentual [&hellip;]<\/p>\n","protected":false},"author":2,"featured_media":0,"comment_status":"open","ping_status":"open","sticky":false,"template":"","format":"standard","meta":{"footnotes":"","_links_to":"","_links_to_target":""},"categories":[1],"tags":[],"class_list":["post-29736","post","type-post","status-publish","format-standard","hentry","category-geral"],"views":1173,"_links":{"self":[{"href":"https:\/\/www.sudoestehoje.com.br\/novoportal\/wp-json\/wp\/v2\/posts\/29736","targetHints":{"allow":["GET"]}}],"collection":[{"href":"https:\/\/www.sudoestehoje.com.br\/novoportal\/wp-json\/wp\/v2\/posts"}],"about":[{"href":"https:\/\/www.sudoestehoje.com.br\/novoportal\/wp-json\/wp\/v2\/types\/post"}],"author":[{"embeddable":true,"href":"https:\/\/www.sudoestehoje.com.br\/novoportal\/wp-json\/wp\/v2\/users\/2"}],"replies":[{"embeddable":true,"href":"https:\/\/www.sudoestehoje.com.br\/novoportal\/wp-json\/wp\/v2\/comments?post=29736"}],"version-history":[{"count":4,"href":"https:\/\/www.sudoestehoje.com.br\/novoportal\/wp-json\/wp\/v2\/posts\/29736\/revisions"}],"predecessor-version":[{"id":29741,"href":"https:\/\/www.sudoestehoje.com.br\/novoportal\/wp-json\/wp\/v2\/posts\/29736\/revisions\/29741"}],"wp:attachment":[{"href":"https:\/\/www.sudoestehoje.com.br\/novoportal\/wp-json\/wp\/v2\/media?parent=29736"}],"wp:term":[{"taxonomy":"category","embeddable":true,"href":"https:\/\/www.sudoestehoje.com.br\/novoportal\/wp-json\/wp\/v2\/categories?post=29736"},{"taxonomy":"post_tag","embeddable":true,"href":"https:\/\/www.sudoestehoje.com.br\/novoportal\/wp-json\/wp\/v2\/tags?post=29736"}],"curies":[{"name":"wp","href":"https:\/\/api.w.org\/{rel}","templated":true}]}}