
{"id":29730,"date":"2013-08-21T14:25:00","date_gmt":"2013-08-21T17:25:00","guid":{"rendered":"http:\/\/www.sudoestehoje.com.br\/novoportal\/?p=29730"},"modified":"2013-08-21T14:25:00","modified_gmt":"2013-08-21T17:25:00","slug":"itororo-e-itapetinga-realizarao-plenarias-do-psol-sabado-e-domingo","status":"publish","type":"post","link":"https:\/\/www.sudoestehoje.com.br\/novoportal\/2013\/08\/21\/itororo-e-itapetinga-realizarao-plenarias-do-psol-sabado-e-domingo\/","title":{"rendered":"ITOROR\u00d3 E ITAPETINGA REALIZAR\u00c3O PLEN\u00c1RIAS DO PSOL S\u00c1BADO E DOMINGO"},"content":{"rendered":"<p style=\"text-align: center;\"><a href=\"http:\/\/www.sudoestehoje.com.br\/novoportal\/wp-content\/uploads\/2013\/08\/logo_psol.jpg\"><img decoding=\"async\" class=\"aligncenter  wp-image-29731\" alt=\"logo_psol\" src=\"http:\/\/www.sudoestehoje.com.br\/novoportal\/wp-content\/uploads\/2013\/08\/logo_psol.jpg\" width=\"500\" \/><\/a><\/p>\n<p>&nbsp;<\/p>\n<p id=\"yui_3_7_2_1_1377104893450_3041\">Neste domingo, dia 25 \u00e0s 9 horas da manh\u00e3 na Av. Manoel Novais S\/N. acontecer\u00e1 a primeira Plen\u00e1ria do PSOL (Partido Socialismo com Liberdade). O evento tem por objetivo escolher os delegados que representar\u00e3o o partido no Congresso Estadual.<\/p>\n<p id=\"yui_3_7_2_1_1377104893450_3046\">O evento ter\u00e1 in\u00edcio \u00e0s\u00a009 horas e ser\u00e1 prestigiado pelo representante de Salvador, o presidente estadual, Marcos Mendes. A Plen\u00e1ria analisar\u00e1 a conjuntura pol\u00edtica alem de eleger delegados para a etapa estadual do 4\u00ba Congresso Nacional do PSOL. O Encontro visa debater a cerca das elei\u00e7\u00f5es de 2014 e 2016.<\/p>\n<p id=\"yui_3_7_2_1_1377104893450_3048\">O PSOL de Itoror\u00f3 est\u00e1 muito otimista em rela\u00e7\u00e3o ao futuro do Partido na Cidade e j\u00e1 se preparam para os Pleitos acima citados. As alian\u00e7as devem levar em conta a luta dos movimentos sociais por justi\u00e7a social em conson\u00e2ncia com as diretrizes do PSOL.<\/p>\n<p id=\"yui_3_7_2_1_1377104893450_3049\">A Plen\u00e1ria de Itapetinga est\u00e1 marcada para o s\u00e1bado, dia 24 \u00e0s 19 horas na Associa\u00e7\u00e3o dos Artistas.<\/p>\n","protected":false},"excerpt":{"rendered":"<p>&nbsp; Neste domingo, dia 25 \u00e0s 9 horas da manh\u00e3 na Av. Manoel Novais S\/N. acontecer\u00e1 a primeira Plen\u00e1ria do PSOL (Partido Socialismo com Liberdade). O evento tem por objetivo escolher os delegados que representar\u00e3o o partido no Congresso Estadual. O evento ter\u00e1 in\u00edcio \u00e0s\u00a009 horas e ser\u00e1 prestigiado pelo representante de Salvador, o presidente [&hellip;]<\/p>\n","protected":false},"author":2,"featured_media":0,"comment_status":"open","ping_status":"open","sticky":false,"template":"","format":"standard","meta":{"footnotes":"","_links_to":"","_links_to_target":""},"categories":[1],"tags":[],"class_list":["post-29730","post","type-post","status-publish","format-standard","hentry","category-geral"],"views":1275,"_links":{"self":[{"href":"https:\/\/www.sudoestehoje.com.br\/novoportal\/wp-json\/wp\/v2\/posts\/29730","targetHints":{"allow":["GET"]}}],"collection":[{"href":"https:\/\/www.sudoestehoje.com.br\/novoportal\/wp-json\/wp\/v2\/posts"}],"about":[{"href":"https:\/\/www.sudoestehoje.com.br\/novoportal\/wp-json\/wp\/v2\/types\/post"}],"author":[{"embeddable":true,"href":"https:\/\/www.sudoestehoje.com.br\/novoportal\/wp-json\/wp\/v2\/users\/2"}],"replies":[{"embeddable":true,"href":"https:\/\/www.sudoestehoje.com.br\/novoportal\/wp-json\/wp\/v2\/comments?post=29730"}],"version-history":[{"count":4,"href":"https:\/\/www.sudoestehoje.com.br\/novoportal\/wp-json\/wp\/v2\/posts\/29730\/revisions"}],"predecessor-version":[{"id":29735,"href":"https:\/\/www.sudoestehoje.com.br\/novoportal\/wp-json\/wp\/v2\/posts\/29730\/revisions\/29735"}],"wp:attachment":[{"href":"https:\/\/www.sudoestehoje.com.br\/novoportal\/wp-json\/wp\/v2\/media?parent=29730"}],"wp:term":[{"taxonomy":"category","embeddable":true,"href":"https:\/\/www.sudoestehoje.com.br\/novoportal\/wp-json\/wp\/v2\/categories?post=29730"},{"taxonomy":"post_tag","embeddable":true,"href":"https:\/\/www.sudoestehoje.com.br\/novoportal\/wp-json\/wp\/v2\/tags?post=29730"}],"curies":[{"name":"wp","href":"https:\/\/api.w.org\/{rel}","templated":true}]}}