
{"id":29723,"date":"2013-08-21T14:16:59","date_gmt":"2013-08-21T17:16:59","guid":{"rendered":"http:\/\/www.sudoestehoje.com.br\/novoportal\/?p=29723"},"modified":"2013-08-21T14:16:59","modified_gmt":"2013-08-21T17:16:59","slug":"sandro-regis-critica-gastos-excessivos-do-governo-com-propaganda","status":"publish","type":"post","link":"https:\/\/www.sudoestehoje.com.br\/novoportal\/2013\/08\/21\/sandro-regis-critica-gastos-excessivos-do-governo-com-propaganda\/","title":{"rendered":"SANDRO R\u00c9GIS CRITICA GASTOS EXCESSIVOS DO GOVERNO COM PROPAGANDA"},"content":{"rendered":"<div><a href=\"http:\/\/www.sudoestehoje.com.br\/novoportal\/wp-content\/uploads\/2013\/08\/S.-REGIS.jpg\"><img loading=\"lazy\" decoding=\"async\" class=\"aligncenter size-full wp-image-29727\" alt=\"S. REGIS\" src=\"http:\/\/www.sudoestehoje.com.br\/novoportal\/wp-content\/uploads\/2013\/08\/S.-REGIS.jpg\" width=\"430\" height=\"323\" \/><\/a><\/div>\n<div><\/div>\n<div><\/div>\n<div id=\"yiv7736014439ecxtexto\">O an\u00fancio de cortes feito pelo governador Jaques Wagner na semana passada, na tentativa de ajustar o or\u00e7amento do Estado, foi criticado pelo 2\u00ba vice-presidente da Assembleia Legislativa, deputado Sandro R\u00e9gis. Segundo o parlamentar, a realidade distorce o comunicado do chefe do Executivo em virtude dos gastos com publicidade voltada \u00e0 sa\u00fade na Bahia. &#8220;O governador Jaques Wagner diz uma coisa, mas a pr\u00e1tica \u00e9 completamente diferente. A quantidade de propaganda na televis\u00e3o e em outdoors sobre a quest\u00e3o da sa\u00fade, maquia a realidade&#8221;, disparou R\u00e9gis.<\/p>\n<p>Segundo ele, o governo anuncia unidades que n\u00e3o existem, a exemplo do Hospital Geral do Estado (HGE) 2, novas Unidades de Pronto Atendimento (UPA&#8217;s), e um hospital especializado em doen\u00e7as infecciosas e parasit\u00e1rias atrav\u00e9s do Instituto Couto Maia (Icom). &#8220;O que n\u00f3s sabemos \u00e9 que o povo est\u00e1 morrendo nos hospitais p\u00fablicos do Estado. Falta band aid, merthiolate, \u00e1gua oxigenada, e o governo insiste em gastar o dinheiro do povo com propagandas mentirosas&#8221;, retrucou Sandro R\u00e9gis.<\/p><\/div>\n<div id=\"yiv7736014439ecxtexto\"><\/div>\n<div id=\"yiv7736014439ecxtexto\">ASCOM deputado Sandro R\u00e9gis<\/div>\n","protected":false},"excerpt":{"rendered":"<p>O an\u00fancio de cortes feito pelo governador Jaques Wagner na semana passada, na tentativa de ajustar o or\u00e7amento do Estado, foi criticado pelo 2\u00ba vice-presidente da Assembleia Legislativa, deputado Sandro R\u00e9gis. Segundo o parlamentar, a realidade distorce o comunicado do chefe do Executivo em virtude dos gastos com publicidade voltada \u00e0 sa\u00fade na Bahia. &#8220;O [&hellip;]<\/p>\n","protected":false},"author":2,"featured_media":0,"comment_status":"open","ping_status":"open","sticky":false,"template":"","format":"standard","meta":{"footnotes":"","_links_to":"","_links_to_target":""},"categories":[1],"tags":[],"class_list":["post-29723","post","type-post","status-publish","format-standard","hentry","category-geral"],"views":1106,"_links":{"self":[{"href":"https:\/\/www.sudoestehoje.com.br\/novoportal\/wp-json\/wp\/v2\/posts\/29723","targetHints":{"allow":["GET"]}}],"collection":[{"href":"https:\/\/www.sudoestehoje.com.br\/novoportal\/wp-json\/wp\/v2\/posts"}],"about":[{"href":"https:\/\/www.sudoestehoje.com.br\/novoportal\/wp-json\/wp\/v2\/types\/post"}],"author":[{"embeddable":true,"href":"https:\/\/www.sudoestehoje.com.br\/novoportal\/wp-json\/wp\/v2\/users\/2"}],"replies":[{"embeddable":true,"href":"https:\/\/www.sudoestehoje.com.br\/novoportal\/wp-json\/wp\/v2\/comments?post=29723"}],"version-history":[{"count":5,"href":"https:\/\/www.sudoestehoje.com.br\/novoportal\/wp-json\/wp\/v2\/posts\/29723\/revisions"}],"predecessor-version":[{"id":29729,"href":"https:\/\/www.sudoestehoje.com.br\/novoportal\/wp-json\/wp\/v2\/posts\/29723\/revisions\/29729"}],"wp:attachment":[{"href":"https:\/\/www.sudoestehoje.com.br\/novoportal\/wp-json\/wp\/v2\/media?parent=29723"}],"wp:term":[{"taxonomy":"category","embeddable":true,"href":"https:\/\/www.sudoestehoje.com.br\/novoportal\/wp-json\/wp\/v2\/categories?post=29723"},{"taxonomy":"post_tag","embeddable":true,"href":"https:\/\/www.sudoestehoje.com.br\/novoportal\/wp-json\/wp\/v2\/tags?post=29723"}],"curies":[{"name":"wp","href":"https:\/\/api.w.org\/{rel}","templated":true}]}}