
{"id":29711,"date":"2013-08-20T23:29:07","date_gmt":"2013-08-21T02:29:07","guid":{"rendered":"http:\/\/www.sudoestehoje.com.br\/novoportal\/?p=29711"},"modified":"2013-08-20T23:29:07","modified_gmt":"2013-08-21T02:29:07","slug":"gerente-geral-da-azaleia-e-demitido","status":"publish","type":"post","link":"https:\/\/www.sudoestehoje.com.br\/novoportal\/2013\/08\/20\/gerente-geral-da-azaleia-e-demitido\/","title":{"rendered":"GERENTE GERAL DA AZAL\u00c9IA \u00c9 DEMITIDO"},"content":{"rendered":"<p style=\"text-align: center;\"><a href=\"http:\/\/www.sudoestehoje.com.br\/novoportal\/wp-content\/uploads\/2013\/08\/adair.jpg\"><img decoding=\"async\" class=\"aligncenter  wp-image-29712\" alt=\"adair\" src=\"http:\/\/www.sudoestehoje.com.br\/novoportal\/wp-content\/uploads\/2013\/08\/adair.jpg\" width=\"500\" \/><\/a><\/p>\n<p>&nbsp;<\/p>\n<p>ITAPETINGA: De acordo com informa\u00e7\u00f5es de funcion\u00e1rios da matriz da ind\u00fastria de cal\u00e7ados Vulcabr\u00e1s\/Azal\u00e9ia em Itapetinga, o gerente geral da f\u00e1brica, Sr. Adair Francisco Nobre, foi demitido nesta ter\u00e7a-feira, pela presid\u00eancia do grupo. Segundo as mesmas fontes, o ga\u00facho vinha encontrando dificuldades em cumprir metas de produtividade estabelecidas pela dire\u00e7\u00e3o da empresa e acabou sendo afastado da ger\u00eancia geral da f\u00e1brica.<\/p>\n<p>Na sua gest\u00e3o como gerente da Azal\u00e9ia em Itapetinga, Adair Francisco teve que enxugar a empresa, demitindo milhares de funcion\u00e1rios e fechando todas as filiais, o que causou uma enorme crise econ\u00f4mica em toda a regi\u00e3o.<\/p>\n<p>O nome do seu substituto ainda n\u00e3o foi anunciado pela dire\u00e7\u00e3o geral da Vulcabr\u00e1s\/Azal\u00e9ia.<\/p>\n<p><strong><em>Por Davi Ferraz<\/em><\/strong><\/p>\n","protected":false},"excerpt":{"rendered":"<p>&nbsp; ITAPETINGA: De acordo com informa\u00e7\u00f5es de funcion\u00e1rios da matriz da ind\u00fastria de cal\u00e7ados Vulcabr\u00e1s\/Azal\u00e9ia em Itapetinga, o gerente geral da f\u00e1brica, Sr. Adair Francisco Nobre, foi demitido nesta ter\u00e7a-feira, pela presid\u00eancia do grupo. Segundo as mesmas fontes, o ga\u00facho vinha encontrando dificuldades em cumprir metas de produtividade estabelecidas pela dire\u00e7\u00e3o da empresa e acabou [&hellip;]<\/p>\n","protected":false},"author":2,"featured_media":0,"comment_status":"open","ping_status":"open","sticky":false,"template":"","format":"standard","meta":{"footnotes":"","_links_to":"","_links_to_target":""},"categories":[1],"tags":[],"class_list":["post-29711","post","type-post","status-publish","format-standard","hentry","category-geral"],"views":1894,"_links":{"self":[{"href":"https:\/\/www.sudoestehoje.com.br\/novoportal\/wp-json\/wp\/v2\/posts\/29711","targetHints":{"allow":["GET"]}}],"collection":[{"href":"https:\/\/www.sudoestehoje.com.br\/novoportal\/wp-json\/wp\/v2\/posts"}],"about":[{"href":"https:\/\/www.sudoestehoje.com.br\/novoportal\/wp-json\/wp\/v2\/types\/post"}],"author":[{"embeddable":true,"href":"https:\/\/www.sudoestehoje.com.br\/novoportal\/wp-json\/wp\/v2\/users\/2"}],"replies":[{"embeddable":true,"href":"https:\/\/www.sudoestehoje.com.br\/novoportal\/wp-json\/wp\/v2\/comments?post=29711"}],"version-history":[{"count":2,"href":"https:\/\/www.sudoestehoje.com.br\/novoportal\/wp-json\/wp\/v2\/posts\/29711\/revisions"}],"predecessor-version":[{"id":29714,"href":"https:\/\/www.sudoestehoje.com.br\/novoportal\/wp-json\/wp\/v2\/posts\/29711\/revisions\/29714"}],"wp:attachment":[{"href":"https:\/\/www.sudoestehoje.com.br\/novoportal\/wp-json\/wp\/v2\/media?parent=29711"}],"wp:term":[{"taxonomy":"category","embeddable":true,"href":"https:\/\/www.sudoestehoje.com.br\/novoportal\/wp-json\/wp\/v2\/categories?post=29711"},{"taxonomy":"post_tag","embeddable":true,"href":"https:\/\/www.sudoestehoje.com.br\/novoportal\/wp-json\/wp\/v2\/tags?post=29711"}],"curies":[{"name":"wp","href":"https:\/\/api.w.org\/{rel}","templated":true}]}}