
{"id":29700,"date":"2013-08-20T11:09:35","date_gmt":"2013-08-20T14:09:35","guid":{"rendered":"http:\/\/www.sudoestehoje.com.br\/novoportal\/?p=29700"},"modified":"2013-08-20T11:09:35","modified_gmt":"2013-08-20T14:09:35","slug":"festival-de-inverno-bahia-2013","status":"publish","type":"post","link":"https:\/\/www.sudoestehoje.com.br\/novoportal\/2013\/08\/20\/festival-de-inverno-bahia-2013\/","title":{"rendered":"FESTIVAL DE INVERNO BAHIA 2013"},"content":{"rendered":"<p><a href=\"http:\/\/www.sudoestehoje.com.br\/novoportal\/wp-content\/uploads\/2013\/08\/FESTIVAL-INVERNO.jpg\"><img loading=\"lazy\" decoding=\"async\" class=\"aligncenter size-medium wp-image-29701\" alt=\"FESTIVAL INVERNO\" src=\"http:\/\/www.sudoestehoje.com.br\/novoportal\/wp-content\/uploads\/2013\/08\/FESTIVAL-INVERNO-500x250.jpg\" width=\"500\" height=\"250\" srcset=\"https:\/\/www.sudoestehoje.com.br\/novoportal\/wp-content\/uploads\/2013\/08\/FESTIVAL-INVERNO-500x250.jpg 500w, https:\/\/www.sudoestehoje.com.br\/novoportal\/wp-content\/uploads\/2013\/08\/FESTIVAL-INVERNO-700x350.jpg 700w, https:\/\/www.sudoestehoje.com.br\/novoportal\/wp-content\/uploads\/2013\/08\/FESTIVAL-INVERNO.jpg 800w\" sizes=\"auto, (max-width: 500px) 100vw, 500px\" \/><\/a><\/p>\n<p>&nbsp;<\/p>\n<p>VIT\u00d3RIA DA CONQUISTA: Aos poucos o Parque de Exposi\u00e7\u00f5es Teopompo de Almeida se transforma na Cidade da M\u00fasica para receber a 9\u00aa edi\u00e7\u00e3o do Festival de Inverno Bahia, que acontece no pr\u00f3ximo final de semana. O Festival de Inverno Bahia \u00e9 considerado o maior evento musical do interior do Nordeste.<\/p>\n<p>No palco principal, a festa come\u00e7a com o ritmo sertanejo da mineira Paula Fernandes, e segue com o ax\u00e9 do cantor Saulo Fernandes e do multi-instrumentista Humberto Gessinger. No s\u00e1bado (24), a anima\u00e7\u00e3o ser\u00e1 por conta das bandas O Rappa, Tit\u00e3s e dos cantores Jo\u00e3o Gabriel e Z\u00e9lia Ducan. Para encerrar o festival em grande estilo, sobem ao palco Lulu Santos,Jota Quest e os sertanejos Munhoz &amp; Mariano.<\/p>\n<p>O evento conta ainda com um barrac\u00e3o universit\u00e1rio, que ter\u00e1 forr\u00f3 e arrocha, e uma tenda eletr\u00f4nica, com os DJs que est\u00e3o no top das paradas nacionais.Blog do Anderson<\/p>\n<p>CONFIRA PRE\u00c7OS DOS INGRESSOS:<!--more--><\/p>\n<p>Ingressos Individuais<br \/>\nPista Inteira: R$ 88,00 (2x R$ 44,00)<br \/>\nPista Meia R$ 44,00 (2x R$ 22,00)<br \/>\nCamarote Sexta e Domingo: 120,00 (2x R$ 60,00)<br \/>\nCamarote S\u00e1bado: R$ 136,00 (2x R$ 68,00)<\/p>\n<p>Passaportes:<br \/>\nPassaporte Pista Inteira: R$ 208,00 (4x R$ 52,00)<br \/>\nPassaporte Pista Meia: R$ 104,00 (4x R$ 26,00)<br \/>\nPassaporte Camarote: R$ 304,00 (4x R$ 76,00)<\/p>\n<p>Pontos de venda:<br \/>\n&#8211; Em Vit\u00f3ria da Conquista<\/p>\n<p>Loja Oficial \u2013 Shopping Conquista Sul<br \/>\nSeg a S\u00e1b: das 10h \u00e0s 22h<br \/>\nDom e Feriados: das 14h \u00e0s 20h<br \/>\nEnd.: Av. Juracy Magalh\u00e3es, n\u00ba 3.340 \u2013 Fel\u00edcia<br \/>\nTel.: (77) 3427-3917<\/p>\n<p>Sede Antiga CDL<br \/>\nSeg a Sex: das 08h \u00e0s 18h<br \/>\nS\u00e1b: das 08h \u00e0s 13h<br \/>\nEnd.: Travessa do Triunfo, n\u00ba 45 \u2013 Centro<br \/>\nTel.: (77) 3421-8923<\/p>\n<p>Sede T\u00f4a T\u00f4a<br \/>\nSeg. a Sex.: das 09 \u00e0s 19h<br \/>\nS\u00e1bado: das 09 \u00e0s 14h<br \/>\nEnd.: Av. Olivia Flores, n\u00ba 423 \u2013 Candeias<br \/>\nTel.: (77) 3422-9094<\/p>\n<p>Site da Ingresso R\u00e1pido<br \/>\nTelefone 4003-1212 (para todo o Brasil)<br \/>\nPostos da Ticketmix em Salvador<\/p>\n<p>O pagamento pode ser em dinheiro, cart\u00e3o de d\u00e9bito e cr\u00e9dito com bandeira Visa, Mastercard ou Hipercard. Ingressos individuais podem ser parcelados em duas vezes e passaportes em quatro vezes. Para meia-entrada, \u00e9 obrigat\u00f3ria a apresenta\u00e7\u00e3o da carteira de estudante no momento da compra e na entrada do evento. A classifica\u00e7\u00e3o et\u00e1ria do festival \u00e9 de 14 anos.<\/p>\n","protected":false},"excerpt":{"rendered":"<p>&nbsp; VIT\u00d3RIA DA CONQUISTA: Aos poucos o Parque de Exposi\u00e7\u00f5es Teopompo de Almeida se transforma na Cidade da M\u00fasica para receber a 9\u00aa edi\u00e7\u00e3o do Festival de Inverno Bahia, que acontece no pr\u00f3ximo final de semana. O Festival de Inverno Bahia \u00e9 considerado o maior evento musical do interior do Nordeste. No palco principal, a [&hellip;]<\/p>\n","protected":false},"author":2,"featured_media":0,"comment_status":"open","ping_status":"open","sticky":false,"template":"","format":"standard","meta":{"footnotes":"","_links_to":"","_links_to_target":""},"categories":[1],"tags":[],"class_list":["post-29700","post","type-post","status-publish","format-standard","hentry","category-geral"],"views":3172,"_links":{"self":[{"href":"https:\/\/www.sudoestehoje.com.br\/novoportal\/wp-json\/wp\/v2\/posts\/29700","targetHints":{"allow":["GET"]}}],"collection":[{"href":"https:\/\/www.sudoestehoje.com.br\/novoportal\/wp-json\/wp\/v2\/posts"}],"about":[{"href":"https:\/\/www.sudoestehoje.com.br\/novoportal\/wp-json\/wp\/v2\/types\/post"}],"author":[{"embeddable":true,"href":"https:\/\/www.sudoestehoje.com.br\/novoportal\/wp-json\/wp\/v2\/users\/2"}],"replies":[{"embeddable":true,"href":"https:\/\/www.sudoestehoje.com.br\/novoportal\/wp-json\/wp\/v2\/comments?post=29700"}],"version-history":[{"count":3,"href":"https:\/\/www.sudoestehoje.com.br\/novoportal\/wp-json\/wp\/v2\/posts\/29700\/revisions"}],"predecessor-version":[{"id":29704,"href":"https:\/\/www.sudoestehoje.com.br\/novoportal\/wp-json\/wp\/v2\/posts\/29700\/revisions\/29704"}],"wp:attachment":[{"href":"https:\/\/www.sudoestehoje.com.br\/novoportal\/wp-json\/wp\/v2\/media?parent=29700"}],"wp:term":[{"taxonomy":"category","embeddable":true,"href":"https:\/\/www.sudoestehoje.com.br\/novoportal\/wp-json\/wp\/v2\/categories?post=29700"},{"taxonomy":"post_tag","embeddable":true,"href":"https:\/\/www.sudoestehoje.com.br\/novoportal\/wp-json\/wp\/v2\/tags?post=29700"}],"curies":[{"name":"wp","href":"https:\/\/api.w.org\/{rel}","templated":true}]}}