
{"id":29687,"date":"2013-08-19T23:47:16","date_gmt":"2013-08-20T02:47:16","guid":{"rendered":"http:\/\/www.sudoestehoje.com.br\/novoportal\/?p=29687"},"modified":"2013-08-20T00:13:56","modified_gmt":"2013-08-20T03:13:56","slug":"vereador-e-assassinado-durante-sessao","status":"publish","type":"post","link":"https:\/\/www.sudoestehoje.com.br\/novoportal\/2013\/08\/19\/vereador-e-assassinado-durante-sessao\/","title":{"rendered":"VEREADOR \u00c9 ASSASSINADO DURANTE SESS\u00c3O"},"content":{"rendered":"<p><strong><a href=\"http:\/\/www.sudoestehoje.com.br\/novoportal\/wp-content\/uploads\/2013\/08\/VALMARY-FOTO-JEAN-MACEDO.jpg\"><img decoding=\"async\" class=\" wp-image-29689 alignleft\" alt=\"VALMARY-FOTO-JEAN-MACEDO\" src=\"http:\/\/www.sudoestehoje.com.br\/novoportal\/wp-content\/uploads\/2013\/08\/VALMARY-FOTO-JEAN-MACEDO.jpg\" width=\"300\" \/><\/a><\/strong><\/p>\n<p>URU\u00c7UCA: O vereador Valmary Alves (PP) foi assassinado nesta noite de segunda-feira (19) no momento em que deixava a sess\u00e3o plen\u00e1ria realizada na C\u00e2mara de Uru\u00e7uca, no sul do Estado.<\/p>\n<p>De acordo com as primeiras informa\u00e7\u00f5es, um homem armado o abordou na sa\u00edda do pr\u00e9dio da C\u00e2mara e efetuou os primeiros disparos.<\/p>\n<p>Valmary ainda tentou correr, mas foi perseguido e executado dentro da C\u00e2mara, na presen\u00e7a de outros vereadores e funcion\u00e1rios da Casa, segundo informa\u00e7\u00f5es do Blog Pimenta.<\/p>\n","protected":false},"excerpt":{"rendered":"<p>URU\u00c7UCA: O vereador Valmary Alves (PP) foi assassinado nesta noite de segunda-feira (19) no momento em que deixava a sess\u00e3o plen\u00e1ria realizada na C\u00e2mara de Uru\u00e7uca, no sul do Estado. De acordo com as primeiras informa\u00e7\u00f5es, um homem armado o abordou na sa\u00edda do pr\u00e9dio da C\u00e2mara e efetuou os primeiros disparos. Valmary ainda tentou [&hellip;]<\/p>\n","protected":false},"author":2,"featured_media":0,"comment_status":"open","ping_status":"open","sticky":false,"template":"","format":"standard","meta":{"footnotes":"","_links_to":"","_links_to_target":""},"categories":[1],"tags":[],"class_list":["post-29687","post","type-post","status-publish","format-standard","hentry","category-geral"],"views":1183,"_links":{"self":[{"href":"https:\/\/www.sudoestehoje.com.br\/novoportal\/wp-json\/wp\/v2\/posts\/29687","targetHints":{"allow":["GET"]}}],"collection":[{"href":"https:\/\/www.sudoestehoje.com.br\/novoportal\/wp-json\/wp\/v2\/posts"}],"about":[{"href":"https:\/\/www.sudoestehoje.com.br\/novoportal\/wp-json\/wp\/v2\/types\/post"}],"author":[{"embeddable":true,"href":"https:\/\/www.sudoestehoje.com.br\/novoportal\/wp-json\/wp\/v2\/users\/2"}],"replies":[{"embeddable":true,"href":"https:\/\/www.sudoestehoje.com.br\/novoportal\/wp-json\/wp\/v2\/comments?post=29687"}],"version-history":[{"count":4,"href":"https:\/\/www.sudoestehoje.com.br\/novoportal\/wp-json\/wp\/v2\/posts\/29687\/revisions"}],"predecessor-version":[{"id":29692,"href":"https:\/\/www.sudoestehoje.com.br\/novoportal\/wp-json\/wp\/v2\/posts\/29687\/revisions\/29692"}],"wp:attachment":[{"href":"https:\/\/www.sudoestehoje.com.br\/novoportal\/wp-json\/wp\/v2\/media?parent=29687"}],"wp:term":[{"taxonomy":"category","embeddable":true,"href":"https:\/\/www.sudoestehoje.com.br\/novoportal\/wp-json\/wp\/v2\/categories?post=29687"},{"taxonomy":"post_tag","embeddable":true,"href":"https:\/\/www.sudoestehoje.com.br\/novoportal\/wp-json\/wp\/v2\/tags?post=29687"}],"curies":[{"name":"wp","href":"https:\/\/api.w.org\/{rel}","templated":true}]}}