
{"id":29612,"date":"2013-08-16T12:30:03","date_gmt":"2013-08-16T15:30:03","guid":{"rendered":"http:\/\/www.sudoestehoje.com.br\/novoportal\/?p=29612"},"modified":"2013-08-16T12:30:03","modified_gmt":"2013-08-16T15:30:03","slug":"incendio-atinge-barracos-em-brumado","status":"publish","type":"post","link":"https:\/\/www.sudoestehoje.com.br\/novoportal\/2013\/08\/16\/incendio-atinge-barracos-em-brumado\/","title":{"rendered":"INC\u00caNDIO ATINGE BARRACOS EM BRUMADO"},"content":{"rendered":"<p><a href=\"http:\/\/www.sudoestehoje.com.br\/novoportal\/wp-content\/uploads\/2013\/08\/BARRACOS.jpg\"><img loading=\"lazy\" decoding=\"async\" class=\"aligncenter size-full wp-image-29614\" alt=\"BARRACOS\" src=\"http:\/\/www.sudoestehoje.com.br\/novoportal\/wp-content\/uploads\/2013\/08\/BARRACOS.jpg\" width=\"475\" height=\"356\" \/><\/a><\/p>\n<p>&nbsp;<\/p>\n<p>Um inc\u00eandio foi iniciado nas primeiras horas da manh\u00e3 desta sexta-feira (16) nos barracos que ficam ao fundo da Loja Cesta do Povo em Brumado. O fogo se alastrou \u2013 por causa da presen\u00e7a de muito material reciclado e madeira seca, que facilitam a combust\u00e3o \u2013 e quase atingiu as quitandas de hortifr\u00fati, assim como os feirantes e consumidores que compareceram para as compras do dia. Muitas pessoas tentavam apagar as chamas utilizando baldes com \u00e1gua.<\/p>\n<p>Depois de muita correria e p\u00e2nico, o tenente Delmondes da Pol\u00edcia Militar chegou ao local com uma guarni\u00e7\u00e3o para dar suporte na seguran\u00e7a e acionou a brigada de inc\u00eandios da Vix Log\u00edstica e carros pipa da Prefeitura e da empresa Lig Lixo. A parede da Cesta do Povo j\u00e1 estava com fogo, que quase chegou ao telhado, quando a brigada e os carros pipa chegaram e apagaram as chamas. Em entrevista ao site Brumado Not\u00edcias, o tenente declarou que ainda n\u00e3o h\u00e1 confirma\u00e7\u00e3o sobre como o fogo come\u00e7ou, mas a per\u00edcia vai ser feita no lugar para explicar se foi algo criminoso ou acidental.<\/p>\n","protected":false},"excerpt":{"rendered":"<p>&nbsp; Um inc\u00eandio foi iniciado nas primeiras horas da manh\u00e3 desta sexta-feira (16) nos barracos que ficam ao fundo da Loja Cesta do Povo em Brumado. O fogo se alastrou \u2013 por causa da presen\u00e7a de muito material reciclado e madeira seca, que facilitam a combust\u00e3o \u2013 e quase atingiu as quitandas de hortifr\u00fati, assim [&hellip;]<\/p>\n","protected":false},"author":2,"featured_media":0,"comment_status":"open","ping_status":"open","sticky":false,"template":"","format":"standard","meta":{"footnotes":"","_links_to":"","_links_to_target":""},"categories":[1],"tags":[],"class_list":["post-29612","post","type-post","status-publish","format-standard","hentry","category-geral"],"views":1156,"_links":{"self":[{"href":"https:\/\/www.sudoestehoje.com.br\/novoportal\/wp-json\/wp\/v2\/posts\/29612","targetHints":{"allow":["GET"]}}],"collection":[{"href":"https:\/\/www.sudoestehoje.com.br\/novoportal\/wp-json\/wp\/v2\/posts"}],"about":[{"href":"https:\/\/www.sudoestehoje.com.br\/novoportal\/wp-json\/wp\/v2\/types\/post"}],"author":[{"embeddable":true,"href":"https:\/\/www.sudoestehoje.com.br\/novoportal\/wp-json\/wp\/v2\/users\/2"}],"replies":[{"embeddable":true,"href":"https:\/\/www.sudoestehoje.com.br\/novoportal\/wp-json\/wp\/v2\/comments?post=29612"}],"version-history":[{"count":3,"href":"https:\/\/www.sudoestehoje.com.br\/novoportal\/wp-json\/wp\/v2\/posts\/29612\/revisions"}],"predecessor-version":[{"id":29616,"href":"https:\/\/www.sudoestehoje.com.br\/novoportal\/wp-json\/wp\/v2\/posts\/29612\/revisions\/29616"}],"wp:attachment":[{"href":"https:\/\/www.sudoestehoje.com.br\/novoportal\/wp-json\/wp\/v2\/media?parent=29612"}],"wp:term":[{"taxonomy":"category","embeddable":true,"href":"https:\/\/www.sudoestehoje.com.br\/novoportal\/wp-json\/wp\/v2\/categories?post=29612"},{"taxonomy":"post_tag","embeddable":true,"href":"https:\/\/www.sudoestehoje.com.br\/novoportal\/wp-json\/wp\/v2\/tags?post=29612"}],"curies":[{"name":"wp","href":"https:\/\/api.w.org\/{rel}","templated":true}]}}