
{"id":29601,"date":"2013-08-16T00:03:39","date_gmt":"2013-08-16T03:03:39","guid":{"rendered":"http:\/\/www.sudoestehoje.com.br\/novoportal\/?p=29601"},"modified":"2013-08-16T00:07:13","modified_gmt":"2013-08-16T03:07:13","slug":"itapetinga-verba-de-1-milhao-e-meio-para-construcao-de-creche-desaparece","status":"publish","type":"post","link":"https:\/\/www.sudoestehoje.com.br\/novoportal\/2013\/08\/16\/itapetinga-verba-de-1-milhao-e-meio-para-construcao-de-creche-desaparece\/","title":{"rendered":"ITAPETINGA: VERBA DE 1 MILH\u00c3O E MEIO PARA CONSTRU\u00c7\u00c3O DE CRECHE DESAPARECE"},"content":{"rendered":"<div id=\"attachment_29602\" style=\"width: 510px\" class=\"wp-caption aligncenter\"><a href=\"http:\/\/www.sudoestehoje.com.br\/novoportal\/wp-content\/uploads\/2013\/08\/placa-creche.jpg\"><img loading=\"lazy\" decoding=\"async\" aria-describedby=\"caption-attachment-29602\" class=\"size-medium wp-image-29602\" alt=\"Da creche que deveria ter sido constru\u00edda com recursos do FNDE liberados pelo Governo Federal, s\u00f3 resta a placa. (foto G1 Cidade)\" src=\"http:\/\/www.sudoestehoje.com.br\/novoportal\/wp-content\/uploads\/2013\/08\/placa-creche-500x375.jpg\" width=\"500\" height=\"375\" srcset=\"https:\/\/www.sudoestehoje.com.br\/novoportal\/wp-content\/uploads\/2013\/08\/placa-creche-500x375.jpg 500w, https:\/\/www.sudoestehoje.com.br\/novoportal\/wp-content\/uploads\/2013\/08\/placa-creche.jpg 640w\" sizes=\"auto, (max-width: 500px) 100vw, 500px\" \/><\/a><p id=\"caption-attachment-29602\" class=\"wp-caption-text\">Da creche que deveria ter sido constru\u00edda com recursos do FNDE liberados pelo Governo Federal, s\u00f3 restou a placa. (foto e informa\u00e7\u00f5es G1 Cidade)<\/p><\/div>\n<p>Itapetinga e Macarani receberam do Governo Federal, atrav\u00e9s do programa PAC2, verbas para constru\u00e7\u00e3o de uma Unidade Escolar de Educa\u00e7\u00e3o Infantil. Em Macarani as obras est\u00e3o a todo vapor, mas em Itapetinga a creche que seria constru\u00edda para atender as vilas, s\u00f3 existe na placa que foi colocada na entrada da Av. Rosa Riach\u00e3o, onde constam todas as informa\u00e7\u00f5es do conv\u00eanio de R$ 1.408.037,03.<\/p>\n<p style=\"text-align: center;\"><a href=\"http:\/\/www.sudoestehoje.com.br\/novoportal\/wp-content\/uploads\/2013\/07\/108_8661.jpg\"><img decoding=\"async\" class=\"aligncenter  wp-image-29025\" alt=\"ccccc\" src=\"http:\/\/www.sudoestehoje.com.br\/novoportal\/wp-content\/uploads\/2013\/07\/108_8661.jpg\" width=\"500\" \/><\/a><\/p>\n<p style=\"text-align: center;\"><em>Com verba menor, creche de Macarani est\u00e1 pronta e vai ser inaugurada<\/em><\/p>\n<p>Com o CAIC \u00a0caindo aos peda\u00e7os, a popula\u00e7\u00e3o das vilas quer saber do prefeito Z\u00e9 Carlos e sua equipe , onde foi parar o dinheiro da verba para a constru\u00e7\u00e3o da unidade escolar, cuja obra deveria ter come\u00e7ado em 22 de agosto de 2012 e conclu\u00edda em 22 de maio de 2013, como consta na placa.<\/p>\n<p>Fala a\u00ed, prefeito&#8230;<\/p>\n<p><em><strong>Por Davi Ferraz\u00a0<\/strong><\/em><\/p>\n","protected":false},"excerpt":{"rendered":"<p>Itapetinga e Macarani receberam do Governo Federal, atrav\u00e9s do programa PAC2, verbas para constru\u00e7\u00e3o de uma Unidade Escolar de Educa\u00e7\u00e3o Infantil. Em Macarani as obras est\u00e3o a todo vapor, mas em Itapetinga a creche que seria constru\u00edda para atender as vilas, s\u00f3 existe na placa que foi colocada na entrada da Av. Rosa Riach\u00e3o, onde [&hellip;]<\/p>\n","protected":false},"author":2,"featured_media":0,"comment_status":"open","ping_status":"open","sticky":false,"template":"","format":"standard","meta":{"footnotes":"","_links_to":"","_links_to_target":""},"categories":[1],"tags":[],"class_list":["post-29601","post","type-post","status-publish","format-standard","hentry","category-geral"],"views":3562,"_links":{"self":[{"href":"https:\/\/www.sudoestehoje.com.br\/novoportal\/wp-json\/wp\/v2\/posts\/29601","targetHints":{"allow":["GET"]}}],"collection":[{"href":"https:\/\/www.sudoestehoje.com.br\/novoportal\/wp-json\/wp\/v2\/posts"}],"about":[{"href":"https:\/\/www.sudoestehoje.com.br\/novoportal\/wp-json\/wp\/v2\/types\/post"}],"author":[{"embeddable":true,"href":"https:\/\/www.sudoestehoje.com.br\/novoportal\/wp-json\/wp\/v2\/users\/2"}],"replies":[{"embeddable":true,"href":"https:\/\/www.sudoestehoje.com.br\/novoportal\/wp-json\/wp\/v2\/comments?post=29601"}],"version-history":[{"count":8,"href":"https:\/\/www.sudoestehoje.com.br\/novoportal\/wp-json\/wp\/v2\/posts\/29601\/revisions"}],"predecessor-version":[{"id":29610,"href":"https:\/\/www.sudoestehoje.com.br\/novoportal\/wp-json\/wp\/v2\/posts\/29601\/revisions\/29610"}],"wp:attachment":[{"href":"https:\/\/www.sudoestehoje.com.br\/novoportal\/wp-json\/wp\/v2\/media?parent=29601"}],"wp:term":[{"taxonomy":"category","embeddable":true,"href":"https:\/\/www.sudoestehoje.com.br\/novoportal\/wp-json\/wp\/v2\/categories?post=29601"},{"taxonomy":"post_tag","embeddable":true,"href":"https:\/\/www.sudoestehoje.com.br\/novoportal\/wp-json\/wp\/v2\/tags?post=29601"}],"curies":[{"name":"wp","href":"https:\/\/api.w.org\/{rel}","templated":true}]}}