
{"id":29584,"date":"2013-08-14T23:42:00","date_gmt":"2013-08-15T02:42:00","guid":{"rendered":"http:\/\/www.sudoestehoje.com.br\/novoportal\/?p=29584"},"modified":"2013-08-14T23:42:00","modified_gmt":"2013-08-15T02:42:00","slug":"governo-da-bahia-aperta-o-cinto","status":"publish","type":"post","link":"https:\/\/www.sudoestehoje.com.br\/novoportal\/2013\/08\/14\/governo-da-bahia-aperta-o-cinto\/","title":{"rendered":"GOVERNO DA BAHIA APERTA O CINTO"},"content":{"rendered":"<p><a href=\"http:\/\/www.sudoestehoje.com.br\/novoportal\/wp-content\/uploads\/2013\/08\/Wagner-no-be1.jpg\"><a href=\"http:\/\/www.sudoestehoje.com.br\/novoportal\/wp-content\/uploads\/2013\/08\/Wagner-no-be1.jpg\"><img loading=\"lazy\" decoding=\"async\" class=\"aligncenter size-medium wp-image-29585\" alt=\"Wagner-no-be(1)\" src=\"http:\/\/www.sudoestehoje.com.br\/novoportal\/wp-content\/uploads\/2013\/08\/Wagner-no-be1-500x281.jpg\" width=\"500\" height=\"281\" srcset=\"https:\/\/www.sudoestehoje.com.br\/novoportal\/wp-content\/uploads\/2013\/08\/Wagner-no-be1-500x281.jpg 500w, https:\/\/www.sudoestehoje.com.br\/novoportal\/wp-content\/uploads\/2013\/08\/Wagner-no-be1-700x394.jpg 700w, https:\/\/www.sudoestehoje.com.br\/novoportal\/wp-content\/uploads\/2013\/08\/Wagner-no-be1.jpg 771w\" sizes=\"auto, (max-width: 500px) 100vw, 500px\" \/><\/a><\/a><\/p>\n<p>&nbsp;<\/p>\n<p>A Secretaria Estadual de Administra\u00e7\u00e3o (Saeb) determinou um grande corte de gastos com servidores com a m\u00e1quina p\u00fablica, ap\u00f3s determina\u00e7\u00e3o do governador Jaques Wagner (PT) de reduzir o or\u00e7amento em R$ 250 milh\u00f5es (15% do previsto para 2013). Um decreto no Di\u00e1rio Oficial desta quinta-feira (15) ter\u00e1, entre as principais medidas, a obrigatoriedade das pastas do Executivo baiano de demitir 10% dos funcion\u00e1rios em cargos de confian\u00e7a, redu\u00e7\u00e3o de 20% na frota de ve\u00edculos e corte pela metade do n\u00famero de viagens nacionais e internacionais. Tamb\u00e9m est\u00e1 suspensa a assinatura de novos contratos com empresas de consultoria e loca\u00e7\u00e3o de im\u00f3veis e ve\u00edculos.<!--more--><\/p>\n<p>A inten\u00e7\u00e3o \u00e9 cumprir o contingenciamento e garantir a verba para aplica\u00e7\u00e3o em outros setores, como o investimento em obras. A Saeb alega que as medidas s\u00e3o necess\u00e1rias devido \u201cao atual cen\u00e1rio de restri\u00e7\u00e3o na economia\u201d a \u201ccrise econ\u00f4mica internacional\u201d e a \u201cpior seca das \u00faltimas d\u00e9cadas\u201d. Quem n\u00e3o cumprir os cortes ser\u00e1 investigado e punido pelo Estado, com previs\u00e3o de responsabiliza\u00e7\u00e3o dos \u201cordenadores de gastos\u201d, ou seja, os secret\u00e1rios. O decreto tamb\u00e9m pro\u00edbe o \u201cafastamento de servidores p\u00fablicos para realiza\u00e7\u00e3o de cursos de aperfei\u00e7oamento ou outros que demandem substitui\u00e7\u00e3o\u201d, assim como \u201cas licen\u00e7as para tratar de interesses particulares s\u00f3 poder\u00e3o ser autorizadas em situa\u00e7\u00f5es que n\u00e3o gerem a necessidade de substitui\u00e7\u00e3o do servidor\u201d.<\/p>\n<p>Gastos com telefone, \u00e1gua, luz e correio ter\u00e3o os custos reduzidos em 20%, de acordo com a Saeb, que vai controlar as mudan\u00e7as. Recep\u00e7\u00f5es, homenagens, solenidades e outros eventos que impliquem em acr\u00e9scimo de despesa tamb\u00e9m est\u00e3o bloqueados, assim como \u201ca assinatura de jornais e revistas, com exce\u00e7\u00e3o dos destinados aos gabinetes dos secret\u00e1rios; a contrata\u00e7\u00e3o de cursos, semin\u00e1rios, congressos, simp\u00f3sios e outras formas de capacita\u00e7\u00e3o e treinamento, destinados a servidores p\u00fablicos e que demandem o pagamento de inscri\u00e7\u00e3o, aquisi\u00e7\u00e3o de passagem a\u00e9rea, nacional e internacional, concess\u00e3o de di\u00e1rias e verba de deslocamento\u201d. O decreto estabelece ainda a suspens\u00e3o de nomea\u00e7\u00f5es para cargos em comiss\u00e3o n\u00e3o ocupados por pelo menos tr\u00eas meses; de aumentos nas cotas de gratifica\u00e7\u00f5es; e de remanejamentos de recursos para contrata\u00e7\u00f5es pelo Regime Especial de Direito Administrativo (Reda).<\/p>\n","protected":false},"excerpt":{"rendered":"<p>&nbsp; A Secretaria Estadual de Administra\u00e7\u00e3o (Saeb) determinou um grande corte de gastos com servidores com a m\u00e1quina p\u00fablica, ap\u00f3s determina\u00e7\u00e3o do governador Jaques Wagner (PT) de reduzir o or\u00e7amento em R$ 250 milh\u00f5es (15% do previsto para 2013). Um decreto no Di\u00e1rio Oficial desta quinta-feira (15) ter\u00e1, entre as principais medidas, a obrigatoriedade das [&hellip;]<\/p>\n","protected":false},"author":2,"featured_media":0,"comment_status":"open","ping_status":"open","sticky":false,"template":"","format":"standard","meta":{"footnotes":"","_links_to":"","_links_to_target":""},"categories":[1],"tags":[],"class_list":["post-29584","post","type-post","status-publish","format-standard","hentry","category-geral"],"views":1100,"_links":{"self":[{"href":"https:\/\/www.sudoestehoje.com.br\/novoportal\/wp-json\/wp\/v2\/posts\/29584","targetHints":{"allow":["GET"]}}],"collection":[{"href":"https:\/\/www.sudoestehoje.com.br\/novoportal\/wp-json\/wp\/v2\/posts"}],"about":[{"href":"https:\/\/www.sudoestehoje.com.br\/novoportal\/wp-json\/wp\/v2\/types\/post"}],"author":[{"embeddable":true,"href":"https:\/\/www.sudoestehoje.com.br\/novoportal\/wp-json\/wp\/v2\/users\/2"}],"replies":[{"embeddable":true,"href":"https:\/\/www.sudoestehoje.com.br\/novoportal\/wp-json\/wp\/v2\/comments?post=29584"}],"version-history":[{"count":1,"href":"https:\/\/www.sudoestehoje.com.br\/novoportal\/wp-json\/wp\/v2\/posts\/29584\/revisions"}],"predecessor-version":[{"id":29586,"href":"https:\/\/www.sudoestehoje.com.br\/novoportal\/wp-json\/wp\/v2\/posts\/29584\/revisions\/29586"}],"wp:attachment":[{"href":"https:\/\/www.sudoestehoje.com.br\/novoportal\/wp-json\/wp\/v2\/media?parent=29584"}],"wp:term":[{"taxonomy":"category","embeddable":true,"href":"https:\/\/www.sudoestehoje.com.br\/novoportal\/wp-json\/wp\/v2\/categories?post=29584"},{"taxonomy":"post_tag","embeddable":true,"href":"https:\/\/www.sudoestehoje.com.br\/novoportal\/wp-json\/wp\/v2\/tags?post=29584"}],"curies":[{"name":"wp","href":"https:\/\/api.w.org\/{rel}","templated":true}]}}