
{"id":29578,"date":"2013-08-14T22:31:42","date_gmt":"2013-08-15T01:31:42","guid":{"rendered":"http:\/\/www.sudoestehoje.com.br\/novoportal\/?p=29578"},"modified":"2013-08-14T22:31:42","modified_gmt":"2013-08-15T01:31:42","slug":"o-misterio-da-manilha-abandonada","status":"publish","type":"post","link":"https:\/\/www.sudoestehoje.com.br\/novoportal\/2013\/08\/14\/o-misterio-da-manilha-abandonada\/","title":{"rendered":"O MIST\u00c9RIO DA MANILHA ABANDONADA&#8230;"},"content":{"rendered":"<p style=\"text-align: center;\"><a href=\"http:\/\/www.sudoestehoje.com.br\/novoportal\/wp-content\/uploads\/2013\/08\/MANILHA.jpg\"><img decoding=\"async\" class=\"aligncenter  wp-image-29580\" alt=\"MANILHA\" src=\"http:\/\/www.sudoestehoje.com.br\/novoportal\/wp-content\/uploads\/2013\/08\/MANILHA.jpg\" width=\"500\" \/><\/a><\/p>\n<p style=\"text-align: center;\"><em>Manilha &#8216;doada&#8217; a fazendeiro reapareceu em frente ao Posto da Cooleite<\/em><\/p>\n<p>&nbsp;<\/p>\n<p>ITAPETINGA: Segundo mat\u00e9ria postada no blog G1 Cidade, um chefe da Prefeitura Municipal de Itapetinga foi flagrado &#8216;liberando&#8217; uma manilha de 1 metro c\u00fabico, para um fazendeiro. A manilha foi feita na f\u00e1brica de manilhas da Prefeitura de Itapetinga, com material e m\u00e3o de obra da prefeitura.\u00a0No servi\u00e7o foram usados 3 sacos de cimento, 10 latas de brita e 15 latas de areia lavada, causando uma despesa de mais de R$ 250,00 aos cofres p\u00fablicos do munic\u00edpio, para beneficiar um fazendeiro.<\/p>\n<p>Curiosamente, a manilha reapareceu em plena via p\u00fablica, na Avenida Cinquenten\u00e1rio, depois da den\u00fancia postada no blog, que flagrou o momento da entrega, no pr\u00f3prio p\u00e1tio da Secretaria Municipal de Transportes, onde funciona a f\u00e1brica. Os nomes dos envolvidos est\u00e3o sendo guardados no mais absoluto sigilo. Confira \u00a0mat\u00e9ria completa e fotos no G1 Cidade:<\/p>\n<p><a href=\"http:\/\/www.g1cidade.com\/2013\/08\/fazendeiro-abandona-manilha-presenteada.html#more\">http:\/\/www.g1cidade.com\/2013\/08\/fazendeiro-abandona-manilha-presenteada.html#more<\/a><\/p>\n","protected":false},"excerpt":{"rendered":"<p>Manilha &#8216;doada&#8217; a fazendeiro reapareceu em frente ao Posto da Cooleite &nbsp; ITAPETINGA: Segundo mat\u00e9ria postada no blog G1 Cidade, um chefe da Prefeitura Municipal de Itapetinga foi flagrado &#8216;liberando&#8217; uma manilha de 1 metro c\u00fabico, para um fazendeiro. A manilha foi feita na f\u00e1brica de manilhas da Prefeitura de Itapetinga, com material e m\u00e3o [&hellip;]<\/p>\n","protected":false},"author":2,"featured_media":0,"comment_status":"open","ping_status":"open","sticky":false,"template":"","format":"standard","meta":{"footnotes":"","_links_to":"","_links_to_target":""},"categories":[1],"tags":[],"class_list":["post-29578","post","type-post","status-publish","format-standard","hentry","category-geral"],"views":1409,"_links":{"self":[{"href":"https:\/\/www.sudoestehoje.com.br\/novoportal\/wp-json\/wp\/v2\/posts\/29578","targetHints":{"allow":["GET"]}}],"collection":[{"href":"https:\/\/www.sudoestehoje.com.br\/novoportal\/wp-json\/wp\/v2\/posts"}],"about":[{"href":"https:\/\/www.sudoestehoje.com.br\/novoportal\/wp-json\/wp\/v2\/types\/post"}],"author":[{"embeddable":true,"href":"https:\/\/www.sudoestehoje.com.br\/novoportal\/wp-json\/wp\/v2\/users\/2"}],"replies":[{"embeddable":true,"href":"https:\/\/www.sudoestehoje.com.br\/novoportal\/wp-json\/wp\/v2\/comments?post=29578"}],"version-history":[{"count":4,"href":"https:\/\/www.sudoestehoje.com.br\/novoportal\/wp-json\/wp\/v2\/posts\/29578\/revisions"}],"predecessor-version":[{"id":29583,"href":"https:\/\/www.sudoestehoje.com.br\/novoportal\/wp-json\/wp\/v2\/posts\/29578\/revisions\/29583"}],"wp:attachment":[{"href":"https:\/\/www.sudoestehoje.com.br\/novoportal\/wp-json\/wp\/v2\/media?parent=29578"}],"wp:term":[{"taxonomy":"category","embeddable":true,"href":"https:\/\/www.sudoestehoje.com.br\/novoportal\/wp-json\/wp\/v2\/categories?post=29578"},{"taxonomy":"post_tag","embeddable":true,"href":"https:\/\/www.sudoestehoje.com.br\/novoportal\/wp-json\/wp\/v2\/tags?post=29578"}],"curies":[{"name":"wp","href":"https:\/\/api.w.org\/{rel}","templated":true}]}}