
{"id":29564,"date":"2013-08-14T20:25:42","date_gmt":"2013-08-14T23:25:42","guid":{"rendered":"http:\/\/www.sudoestehoje.com.br\/novoportal\/?p=29564"},"modified":"2013-08-14T20:25:42","modified_gmt":"2013-08-14T23:25:42","slug":"nota-de-falecimento","status":"publish","type":"post","link":"https:\/\/www.sudoestehoje.com.br\/novoportal\/2013\/08\/14\/nota-de-falecimento\/","title":{"rendered":"NOTA DE FALECIMENTO"},"content":{"rendered":"<p style=\"text-align: center;\"><a href=\"http:\/\/www.sudoestehoje.com.br\/novoportal\/wp-content\/uploads\/2013\/08\/LUTO.jpg\"><img decoding=\"async\" class=\"aligncenter  wp-image-29565\" alt=\"LUTO\" src=\"http:\/\/www.sudoestehoje.com.br\/novoportal\/wp-content\/uploads\/2013\/08\/LUTO.jpg\" width=\"400\" \/><\/a><\/p>\n<p>&nbsp;<\/p>\n<p>\u00c9 com muito pesar que a fam\u00edlia Oliveira, filhos, netos, genros e demais familiares cumprem o doloroso dever de comunicar o falecimento de\u00a0 Maria Dalva Oliveira dos Santos, conhecida como D. Dalva, ocorrido no in\u00edcio da manh\u00e3 de hoje. O corpo est\u00e1 sendo velado na 1\u00aa Igreja Batista, centro, de onde sa\u00edra amanh\u00e3 \u00e0s 09h para sepultamento no cemit\u00e9rio local.<\/p>\n<p>A mesma \u00e9 m\u00e3e da presidenta da C\u00e2mara de Vereadores de Itapetinga, N\u00eddia Oliveira (PDT), sendo assim O Poder Legislativo publicou Portaria 526\/13, decretando luto oficial de tr\u00eas dias.<\/p>\n","protected":false},"excerpt":{"rendered":"<p>&nbsp; \u00c9 com muito pesar que a fam\u00edlia Oliveira, filhos, netos, genros e demais familiares cumprem o doloroso dever de comunicar o falecimento de\u00a0 Maria Dalva Oliveira dos Santos, conhecida como D. Dalva, ocorrido no in\u00edcio da manh\u00e3 de hoje. O corpo est\u00e1 sendo velado na 1\u00aa Igreja Batista, centro, de onde sa\u00edra amanh\u00e3 \u00e0s [&hellip;]<\/p>\n","protected":false},"author":2,"featured_media":0,"comment_status":"open","ping_status":"open","sticky":false,"template":"","format":"standard","meta":{"footnotes":"","_links_to":"","_links_to_target":""},"categories":[1],"tags":[],"class_list":["post-29564","post","type-post","status-publish","format-standard","hentry","category-geral"],"views":1497,"_links":{"self":[{"href":"https:\/\/www.sudoestehoje.com.br\/novoportal\/wp-json\/wp\/v2\/posts\/29564","targetHints":{"allow":["GET"]}}],"collection":[{"href":"https:\/\/www.sudoestehoje.com.br\/novoportal\/wp-json\/wp\/v2\/posts"}],"about":[{"href":"https:\/\/www.sudoestehoje.com.br\/novoportal\/wp-json\/wp\/v2\/types\/post"}],"author":[{"embeddable":true,"href":"https:\/\/www.sudoestehoje.com.br\/novoportal\/wp-json\/wp\/v2\/users\/2"}],"replies":[{"embeddable":true,"href":"https:\/\/www.sudoestehoje.com.br\/novoportal\/wp-json\/wp\/v2\/comments?post=29564"}],"version-history":[{"count":2,"href":"https:\/\/www.sudoestehoje.com.br\/novoportal\/wp-json\/wp\/v2\/posts\/29564\/revisions"}],"predecessor-version":[{"id":29567,"href":"https:\/\/www.sudoestehoje.com.br\/novoportal\/wp-json\/wp\/v2\/posts\/29564\/revisions\/29567"}],"wp:attachment":[{"href":"https:\/\/www.sudoestehoje.com.br\/novoportal\/wp-json\/wp\/v2\/media?parent=29564"}],"wp:term":[{"taxonomy":"category","embeddable":true,"href":"https:\/\/www.sudoestehoje.com.br\/novoportal\/wp-json\/wp\/v2\/categories?post=29564"},{"taxonomy":"post_tag","embeddable":true,"href":"https:\/\/www.sudoestehoje.com.br\/novoportal\/wp-json\/wp\/v2\/tags?post=29564"}],"curies":[{"name":"wp","href":"https:\/\/api.w.org\/{rel}","templated":true}]}}