
{"id":29539,"date":"2013-08-14T00:51:02","date_gmt":"2013-08-14T03:51:02","guid":{"rendered":"http:\/\/www.sudoestehoje.com.br\/novoportal\/?p=29539"},"modified":"2013-08-14T00:51:02","modified_gmt":"2013-08-14T03:51:02","slug":"pcdob-vai-realizar-encontro-de-formacao-politica","status":"publish","type":"post","link":"https:\/\/www.sudoestehoje.com.br\/novoportal\/2013\/08\/14\/pcdob-vai-realizar-encontro-de-formacao-politica\/","title":{"rendered":"PCdoB VAI REALIZAR ENCONTRO DE FORMA\u00c7\u00c3O POL\u00cdTICA"},"content":{"rendered":"<p style=\"text-align: center;\"><a href=\"http:\/\/www.sudoestehoje.com.br\/novoportal\/wp-content\/uploads\/2013\/08\/pcdob.jpg\"><img decoding=\"async\" class=\"aligncenter  wp-image-29540\" alt=\"pcdob\" src=\"http:\/\/www.sudoestehoje.com.br\/novoportal\/wp-content\/uploads\/2013\/08\/pcdob.jpg\" width=\"500\" \/><\/a><\/p>\n<p>O Encontro de Forma\u00e7\u00e3o Pol\u00edtica do PC do B faz parte de um conjunto de a\u00e7\u00f5es formativas e pol\u00edticas para a milit\u00e2ncia do partido e seus simpatizantes na cidade de Itapetinga. Esse encontro busca oportunizar aos militantes do PC do B o debate e a reflex\u00e3o acerca da hist\u00f3ria e lutas do partido nos contextos nacional, estadual e local.<\/p>\n","protected":false},"excerpt":{"rendered":"<p>O Encontro de Forma\u00e7\u00e3o Pol\u00edtica do PC do B faz parte de um conjunto de a\u00e7\u00f5es formativas e pol\u00edticas para a milit\u00e2ncia do partido e seus simpatizantes na cidade de Itapetinga. Esse encontro busca oportunizar aos militantes do PC do B o debate e a reflex\u00e3o acerca da hist\u00f3ria e lutas do partido nos contextos [&hellip;]<\/p>\n","protected":false},"author":2,"featured_media":0,"comment_status":"open","ping_status":"open","sticky":false,"template":"","format":"standard","meta":{"footnotes":"","_links_to":"","_links_to_target":""},"categories":[1],"tags":[],"class_list":["post-29539","post","type-post","status-publish","format-standard","hentry","category-geral"],"views":1263,"_links":{"self":[{"href":"https:\/\/www.sudoestehoje.com.br\/novoportal\/wp-json\/wp\/v2\/posts\/29539","targetHints":{"allow":["GET"]}}],"collection":[{"href":"https:\/\/www.sudoestehoje.com.br\/novoportal\/wp-json\/wp\/v2\/posts"}],"about":[{"href":"https:\/\/www.sudoestehoje.com.br\/novoportal\/wp-json\/wp\/v2\/types\/post"}],"author":[{"embeddable":true,"href":"https:\/\/www.sudoestehoje.com.br\/novoportal\/wp-json\/wp\/v2\/users\/2"}],"replies":[{"embeddable":true,"href":"https:\/\/www.sudoestehoje.com.br\/novoportal\/wp-json\/wp\/v2\/comments?post=29539"}],"version-history":[{"count":5,"href":"https:\/\/www.sudoestehoje.com.br\/novoportal\/wp-json\/wp\/v2\/posts\/29539\/revisions"}],"predecessor-version":[{"id":29545,"href":"https:\/\/www.sudoestehoje.com.br\/novoportal\/wp-json\/wp\/v2\/posts\/29539\/revisions\/29545"}],"wp:attachment":[{"href":"https:\/\/www.sudoestehoje.com.br\/novoportal\/wp-json\/wp\/v2\/media?parent=29539"}],"wp:term":[{"taxonomy":"category","embeddable":true,"href":"https:\/\/www.sudoestehoje.com.br\/novoportal\/wp-json\/wp\/v2\/categories?post=29539"},{"taxonomy":"post_tag","embeddable":true,"href":"https:\/\/www.sudoestehoje.com.br\/novoportal\/wp-json\/wp\/v2\/tags?post=29539"}],"curies":[{"name":"wp","href":"https:\/\/api.w.org\/{rel}","templated":true}]}}