
{"id":29531,"date":"2013-08-13T23:16:59","date_gmt":"2013-08-14T02:16:59","guid":{"rendered":"http:\/\/www.sudoestehoje.com.br\/novoportal\/?p=29531"},"modified":"2013-08-13T23:16:59","modified_gmt":"2013-08-14T02:16:59","slug":"macarani-prefeito-carlinhos-da-ultimos-retoques-na-academia-de-saude","status":"publish","type":"post","link":"https:\/\/www.sudoestehoje.com.br\/novoportal\/2013\/08\/13\/macarani-prefeito-carlinhos-da-ultimos-retoques-na-academia-de-saude\/","title":{"rendered":"MACARANI: PREFEITO CARLINHOS D\u00c1 \u00daLTIMOS RETOQUES NA ACADEMIA DE SA\u00daDE"},"content":{"rendered":"<p style=\"text-align: center;\">\u00a0<a href=\"http:\/\/www.sudoestehoje.com.br\/novoportal\/wp-content\/uploads\/2013\/08\/108_8662.jpg\"><img decoding=\"async\" class=\"aligncenter  wp-image-29532\" alt=\"108_8662\" src=\"http:\/\/www.sudoestehoje.com.br\/novoportal\/wp-content\/uploads\/2013\/08\/108_8662.jpg\" width=\"500\" \/><\/a><\/p>\n<p>&nbsp;<\/p>\n<p>J\u00e1 est\u00e1 em fase de acabamento, a constru\u00e7\u00e3o da Academia de Sa\u00fade, obra que deve ser conclu\u00edda dentro da alguns dias e esta sendo executada pela administra\u00e7\u00e3o do prefeito Carlinhos, atrav\u00e9s de conv\u00eanio firmado com o Minist\u00e9rio da Sa\u00fade.<\/p>\n<p>O Programa Academia da Sa\u00fade foi criado em 2011, e tem como principal objetivo contribuir para a promo\u00e7\u00e3o da sa\u00fade da popula\u00e7\u00e3o a partir da implanta\u00e7\u00e3o de polos com infraestrutura, equipamentos e quadro de pessoal qualificado para a orienta\u00e7\u00e3o de pr\u00e1ticas corporais e atividade f\u00edsica e de lazer e modos de vida saud\u00e1veis.<\/p>\n<p>Os polos do Programa Academia da Sa\u00fade s\u00e3o espa\u00e7os p\u00fablicos constru\u00eddos para o desenvolvimento de atividades como orienta\u00e7\u00e3o para a pr\u00e1tica de atividade f\u00edsica; promo\u00e7\u00e3o de atividades de seguran\u00e7a alimentar e nutricional e de educa\u00e7\u00e3o alimentar; pr\u00e1ticas art\u00edsticas (teatro, m\u00fasica, pintura e artesanato) e organiza\u00e7\u00e3o do planejamento das a\u00e7\u00f5es do Programa em conjunto com a equipe de APS e usu\u00e1rios.<\/p>\n<p>As atividades ser\u00e3o desenvolvidas por profissionais de sa\u00fade da aten\u00e7\u00e3o prim\u00e1ria em sa\u00fade, especialmente dos N\u00facleos de Sa\u00fade da Fam\u00edlia (NASF), podendo ser agregados profissionais de outras \u00e1reas do setor p\u00fablico.<\/p>\n<p>Com mais essa obra de relevante interesse social, o prefeito Carlinhos cumpre mais um compromisso assumido desde o in\u00edcio da sua administra\u00e7\u00e3o, levando o bem estar para a popula\u00e7\u00e3o de Macarani, que reconhece o empenho em defesa dos interesses do munic\u00edpio.<\/p>\n<p><em>Ascom<\/em><\/p>\n","protected":false},"excerpt":{"rendered":"<p>\u00a0 &nbsp; J\u00e1 est\u00e1 em fase de acabamento, a constru\u00e7\u00e3o da Academia de Sa\u00fade, obra que deve ser conclu\u00edda dentro da alguns dias e esta sendo executada pela administra\u00e7\u00e3o do prefeito Carlinhos, atrav\u00e9s de conv\u00eanio firmado com o Minist\u00e9rio da Sa\u00fade. O Programa Academia da Sa\u00fade foi criado em 2011, e tem como principal objetivo [&hellip;]<\/p>\n","protected":false},"author":2,"featured_media":0,"comment_status":"open","ping_status":"open","sticky":false,"template":"","format":"standard","meta":{"footnotes":"","_links_to":"","_links_to_target":""},"categories":[1],"tags":[],"class_list":["post-29531","post","type-post","status-publish","format-standard","hentry","category-geral"],"views":1504,"_links":{"self":[{"href":"https:\/\/www.sudoestehoje.com.br\/novoportal\/wp-json\/wp\/v2\/posts\/29531","targetHints":{"allow":["GET"]}}],"collection":[{"href":"https:\/\/www.sudoestehoje.com.br\/novoportal\/wp-json\/wp\/v2\/posts"}],"about":[{"href":"https:\/\/www.sudoestehoje.com.br\/novoportal\/wp-json\/wp\/v2\/types\/post"}],"author":[{"embeddable":true,"href":"https:\/\/www.sudoestehoje.com.br\/novoportal\/wp-json\/wp\/v2\/users\/2"}],"replies":[{"embeddable":true,"href":"https:\/\/www.sudoestehoje.com.br\/novoportal\/wp-json\/wp\/v2\/comments?post=29531"}],"version-history":[{"count":4,"href":"https:\/\/www.sudoestehoje.com.br\/novoportal\/wp-json\/wp\/v2\/posts\/29531\/revisions"}],"predecessor-version":[{"id":29537,"href":"https:\/\/www.sudoestehoje.com.br\/novoportal\/wp-json\/wp\/v2\/posts\/29531\/revisions\/29537"}],"wp:attachment":[{"href":"https:\/\/www.sudoestehoje.com.br\/novoportal\/wp-json\/wp\/v2\/media?parent=29531"}],"wp:term":[{"taxonomy":"category","embeddable":true,"href":"https:\/\/www.sudoestehoje.com.br\/novoportal\/wp-json\/wp\/v2\/categories?post=29531"},{"taxonomy":"post_tag","embeddable":true,"href":"https:\/\/www.sudoestehoje.com.br\/novoportal\/wp-json\/wp\/v2\/tags?post=29531"}],"curies":[{"name":"wp","href":"https:\/\/api.w.org\/{rel}","templated":true}]}}