
{"id":29521,"date":"2013-08-13T15:20:54","date_gmt":"2013-08-13T18:20:54","guid":{"rendered":"http:\/\/www.sudoestehoje.com.br\/novoportal\/?p=29521"},"modified":"2013-08-13T21:50:49","modified_gmt":"2013-08-14T00:50:49","slug":"pedido-de-promocao-do-promotor-junseira-para-conquista-foi-indeferido","status":"publish","type":"post","link":"https:\/\/www.sudoestehoje.com.br\/novoportal\/2013\/08\/13\/pedido-de-promocao-do-promotor-junseira-para-conquista-foi-indeferido\/","title":{"rendered":"PEDIDO DE PROMO\u00c7\u00c3O DO PROMOTOR JUNSEIRA PARA CONQUISTA FOI INDEFERIDO"},"content":{"rendered":"<p style=\"text-align: center;\"><a href=\"http:\/\/www.sudoestehoje.com.br\/novoportal\/wp-content\/uploads\/2013\/08\/jun.jpg\"><img loading=\"lazy\" decoding=\"async\" class=\"aligncenter size-medium wp-image-29523\" alt=\"jun\" src=\"http:\/\/www.sudoestehoje.com.br\/novoportal\/wp-content\/uploads\/2013\/08\/jun-500x281.jpg\" width=\"500\" height=\"281\" srcset=\"https:\/\/www.sudoestehoje.com.br\/novoportal\/wp-content\/uploads\/2013\/08\/jun-500x281.jpg 500w, https:\/\/www.sudoestehoje.com.br\/novoportal\/wp-content\/uploads\/2013\/08\/jun-700x393.jpg 700w, https:\/\/www.sudoestehoje.com.br\/novoportal\/wp-content\/uploads\/2013\/08\/jun.jpg 1280w\" sizes=\"auto, (max-width: 500px) 100vw, 500px\" \/><\/a><em>Promotor Jos\u00e9 Junseira Almeida quer sair de Itapetinga mas n\u00e3o consegue<\/em><\/p>\n<p>&nbsp;<\/p>\n<p>ITAPETINGA: Circulou pela cidade, nas \u00faltimas semanas, a informa\u00e7\u00e3o de que o promotor de justi\u00e7a Jos\u00e9 Junseira Almeida concorre a uma promo\u00e7\u00e3o para ocupar vaga aberta no MP em Vit\u00f3ria da Conquista, e que estaria com os dias contados em Itapetinga.<\/p>\n<p>A not\u00edcia, que chegou a ser comemorada por muita gente que quer ver o promotor pelas costas, n\u00e3o se concretizou, pois o pedido de promo\u00e7\u00e3o acabou sendo indeferido pela Procuradoria Geral do MP na Bahia, que decidiu por outro concorrente, preterindo, portanto, o nosso &#8216;simp\u00e1tico&#8217; representante do MP.<\/p>\n<p>Junseira continuar\u00e1 atuando em Itapetinga, at\u00e9 que surja nova oportunidade para pleitear a sua t\u00e3o esperada promo\u00e7\u00e3o, para tristeza de quem o acusa &#8216;injustamente&#8217; de fazer vista grossa para as perip\u00e9cias do prefeito e seu bando de infratores da lei e da ordem, t\u00e3o fartamente denunciados pela imprensa local.<\/p>\n<p>Uma pena que n\u00e3o deu certo, mas se o promotor precisar de um abaixo-assinados ou alguma manifesta\u00e7\u00e3o popular refor\u00e7ando o pedido para a sua &#8216;merecida&#8217; promo\u00e7\u00e3o, pode contar conosco&#8230;<\/p>\n<p><strong><em>Por Davi Ferraz<\/em><\/strong><\/p>\n","protected":false},"excerpt":{"rendered":"<p>Promotor Jos\u00e9 Junseira Almeida quer sair de Itapetinga mas n\u00e3o consegue &nbsp; ITAPETINGA: Circulou pela cidade, nas \u00faltimas semanas, a informa\u00e7\u00e3o de que o promotor de justi\u00e7a Jos\u00e9 Junseira Almeida concorre a uma promo\u00e7\u00e3o para ocupar vaga aberta no MP em Vit\u00f3ria da Conquista, e que estaria com os dias contados em Itapetinga. A not\u00edcia, [&hellip;]<\/p>\n","protected":false},"author":2,"featured_media":0,"comment_status":"open","ping_status":"open","sticky":false,"template":"","format":"standard","meta":{"footnotes":"","_links_to":"","_links_to_target":""},"categories":[1],"tags":[],"class_list":["post-29521","post","type-post","status-publish","format-standard","hentry","category-geral"],"views":1191,"_links":{"self":[{"href":"https:\/\/www.sudoestehoje.com.br\/novoportal\/wp-json\/wp\/v2\/posts\/29521","targetHints":{"allow":["GET"]}}],"collection":[{"href":"https:\/\/www.sudoestehoje.com.br\/novoportal\/wp-json\/wp\/v2\/posts"}],"about":[{"href":"https:\/\/www.sudoestehoje.com.br\/novoportal\/wp-json\/wp\/v2\/types\/post"}],"author":[{"embeddable":true,"href":"https:\/\/www.sudoestehoje.com.br\/novoportal\/wp-json\/wp\/v2\/users\/2"}],"replies":[{"embeddable":true,"href":"https:\/\/www.sudoestehoje.com.br\/novoportal\/wp-json\/wp\/v2\/comments?post=29521"}],"version-history":[{"count":5,"href":"https:\/\/www.sudoestehoje.com.br\/novoportal\/wp-json\/wp\/v2\/posts\/29521\/revisions"}],"predecessor-version":[{"id":29526,"href":"https:\/\/www.sudoestehoje.com.br\/novoportal\/wp-json\/wp\/v2\/posts\/29521\/revisions\/29526"}],"wp:attachment":[{"href":"https:\/\/www.sudoestehoje.com.br\/novoportal\/wp-json\/wp\/v2\/media?parent=29521"}],"wp:term":[{"taxonomy":"category","embeddable":true,"href":"https:\/\/www.sudoestehoje.com.br\/novoportal\/wp-json\/wp\/v2\/categories?post=29521"},{"taxonomy":"post_tag","embeddable":true,"href":"https:\/\/www.sudoestehoje.com.br\/novoportal\/wp-json\/wp\/v2\/tags?post=29521"}],"curies":[{"name":"wp","href":"https:\/\/api.w.org\/{rel}","templated":true}]}}