
{"id":29517,"date":"2013-08-13T13:57:56","date_gmt":"2013-08-13T16:57:56","guid":{"rendered":"http:\/\/www.sudoestehoje.com.br\/novoportal\/?p=29517"},"modified":"2013-08-13T14:01:07","modified_gmt":"2013-08-13T17:01:07","slug":"moradores-de-barra-do-choca-interdita-estrada-e-pede-seguranca","status":"publish","type":"post","link":"https:\/\/www.sudoestehoje.com.br\/novoportal\/2013\/08\/13\/moradores-de-barra-do-choca-interdita-estrada-e-pede-seguranca\/","title":{"rendered":"MORADORES DE BARRA DO CHO\u00c7A BLOQUEIAM ESTRADA E PEDEM SEGURAN\u00c7A"},"content":{"rendered":"<p style=\"text-align: center;\"><a href=\"http:\/\/www.sudoestehoje.com.br\/novoportal\/wp-content\/uploads\/2013\/08\/barra-do-cho\u00e7a.jpg\"><img decoding=\"async\" class=\"aligncenter  wp-image-29518\" alt=\"barra do cho\u00e7a\" src=\"http:\/\/www.sudoestehoje.com.br\/novoportal\/wp-content\/uploads\/2013\/08\/barra-do-cho\u00e7a.jpg\" width=\"500\" \/><\/a><\/p>\n<p style=\"text-align: center;\"><em>Manifestantes voltaram a interditar rodovia Barra do Cho\u00e7a &#8211; Conquista<\/em><\/p>\n<p>&nbsp;<\/p>\n<p>Na manh\u00e3 desta ter\u00e7a-feira (13) moradores de Barra do Cho\u00e7a voltaram a bloquear a estrada que d\u00e1 acesso ao munic\u00edpio de Vit\u00f3ria da Conquista.\u00a0A popula\u00e7\u00e3o queimou pneus em protesto, no objetivo de cobrar melhorias na seguran\u00e7a p\u00fablica da Terra do caf\u00e9.\u00a0O Corpo de Bombeiros esteve no local para tomar as devidas provid\u00eancias.\u00a0A expectativa \u00e9 de que a pista seja liberada a partir das 15h. Blog do Rodrigo Ferraz &#8211; Fotos: Kleber Amorim.<\/p>\n","protected":false},"excerpt":{"rendered":"<p>Manifestantes voltaram a interditar rodovia Barra do Cho\u00e7a &#8211; Conquista &nbsp; Na manh\u00e3 desta ter\u00e7a-feira (13) moradores de Barra do Cho\u00e7a voltaram a bloquear a estrada que d\u00e1 acesso ao munic\u00edpio de Vit\u00f3ria da Conquista.\u00a0A popula\u00e7\u00e3o queimou pneus em protesto, no objetivo de cobrar melhorias na seguran\u00e7a p\u00fablica da Terra do caf\u00e9.\u00a0O Corpo de Bombeiros [&hellip;]<\/p>\n","protected":false},"author":2,"featured_media":0,"comment_status":"open","ping_status":"open","sticky":false,"template":"","format":"standard","meta":{"footnotes":"","_links_to":"","_links_to_target":""},"categories":[1],"tags":[],"class_list":["post-29517","post","type-post","status-publish","format-standard","hentry","category-geral"],"views":1241,"_links":{"self":[{"href":"https:\/\/www.sudoestehoje.com.br\/novoportal\/wp-json\/wp\/v2\/posts\/29517","targetHints":{"allow":["GET"]}}],"collection":[{"href":"https:\/\/www.sudoestehoje.com.br\/novoportal\/wp-json\/wp\/v2\/posts"}],"about":[{"href":"https:\/\/www.sudoestehoje.com.br\/novoportal\/wp-json\/wp\/v2\/types\/post"}],"author":[{"embeddable":true,"href":"https:\/\/www.sudoestehoje.com.br\/novoportal\/wp-json\/wp\/v2\/users\/2"}],"replies":[{"embeddable":true,"href":"https:\/\/www.sudoestehoje.com.br\/novoportal\/wp-json\/wp\/v2\/comments?post=29517"}],"version-history":[{"count":2,"href":"https:\/\/www.sudoestehoje.com.br\/novoportal\/wp-json\/wp\/v2\/posts\/29517\/revisions"}],"predecessor-version":[{"id":29520,"href":"https:\/\/www.sudoestehoje.com.br\/novoportal\/wp-json\/wp\/v2\/posts\/29517\/revisions\/29520"}],"wp:attachment":[{"href":"https:\/\/www.sudoestehoje.com.br\/novoportal\/wp-json\/wp\/v2\/media?parent=29517"}],"wp:term":[{"taxonomy":"category","embeddable":true,"href":"https:\/\/www.sudoestehoje.com.br\/novoportal\/wp-json\/wp\/v2\/categories?post=29517"},{"taxonomy":"post_tag","embeddable":true,"href":"https:\/\/www.sudoestehoje.com.br\/novoportal\/wp-json\/wp\/v2\/tags?post=29517"}],"curies":[{"name":"wp","href":"https:\/\/api.w.org\/{rel}","templated":true}]}}